{"id":3121,"date":"2016-09-08T18:10:42","date_gmt":"2016-09-08T21:10:42","guid":{"rendered":"https:\/\/blogs.correiobraziliense.com.br\/vicente\/?p=3121"},"modified":"2016-09-08T18:47:13","modified_gmt":"2016-09-08T21:47:13","slug":"corrupcao-nos-fundos-de-pensao-podem-travar-programa-de-infraestrutura","status":"publish","type":"post","link":"https:\/\/blogs.correiobraziliense.com.br\/vicente\/corrupcao-nos-fundos-de-pensao-podem-travar-programa-de-infraestrutura\/","title":{"rendered":"Corrup\u00e7\u00e3o nos fundos de pens\u00e3o podem travar programa de infraestrutura"},"content":{"rendered":"<p>O governo acendeu o sinal de alerta. A Opera\u00e7\u00e3o Greenfield, que desbaratou uma rede de corrup\u00e7\u00e3o em quatro dos maiores fundos de pens\u00e3o do pa\u00eds (Funcef, Previ, Petros e Postalis), pode se tornar um grande entrave para o programa de infraestrutura que o presidente Michel Temer quer lan\u00e7ar na pr\u00f3xima semana.<\/p>\n<p>&nbsp;<\/p>\n<p>Os fundos de pens\u00e3o s\u00e3o os maiores investidores em obras de infraestrutura do pa\u00eds. Sem eles, n\u00e3o h\u00e1 como haver sucesso nas privatiza\u00e7\u00f5es e nas concess\u00f5es \u00e0 iniciativa privada. A Opera\u00e7\u00e3o Greenfield parou todos os neg\u00f3cios das funda\u00e7\u00f5es. Nenhum dirigente quer assinar mais nada, temendo ser preso.<\/p>\n<p>&nbsp;<\/p>\n<p>O esquema de corrup\u00e7\u00e3o tamb\u00e9m adicionou um enorme risco aos mercados. Empresas como a JBS est\u00e3o no centro das investiga\u00e7\u00f5es, com seus donos, Joesley e Wesley Batista, proibidos de pisarem na sede da companhia.<\/p>\n<p>&nbsp;<\/p>\n<p>As a\u00e7\u00f5es da JBS est\u00e3o derretendo diante das fortes liga\u00e7\u00f5es da empresa com os fundos de pens\u00e3o e com o Banco Nacional de Desenvolvimento e Social (BNDES), que j\u00e1 est\u00e1 na mira do Minist\u00e9rio P\u00fablico e da Pol\u00edcia Federal.<\/p>\n<p>&nbsp;<\/p>\n<p><em>Bras\u00edlia, 18h10min<\/em><\/p>\n","protected":false},"excerpt":{"rendered":"<p>O governo acendeu o sinal de alerta. A Opera\u00e7\u00e3o Greenfield, que desbaratou uma rede de corrup\u00e7\u00e3o em quatro dos maiores fundos de pens\u00e3o do pa\u00eds (Funcef, Previ, Petros e Postalis), pode se tornar um grande entrave para o programa de infraestrutura que o presidente Michel Temer quer lan\u00e7ar na pr\u00f3xima semana. &nbsp; Os fundos de [&hellip;]<\/p>\n","protected":false},"author":22,"featured_media":0,"comment_status":"open","ping_status":"closed","sticky":false,"template":"","format":"standard","meta":{"footnotes":""},"categories":[600],"tags":[455,255,415,178,509,1186,540],"class_list":["post-3121","post","type-post","status-publish","format-standard","hentry","category-economia","tag-concessoes","tag-corrupcao","tag-fraudes","tag-fundos-de-pensao","tag-jbs","tag-operacao-greenfield","tag-privatizacao"],"_links":{"self":[{"href":"https:\/\/blogs.correiobraziliense.com.br\/vicente\/wp-json\/wp\/v2\/posts\/3121","targetHints":{"allow":["GET"]}}],"collection":[{"href":"https:\/\/blogs.correiobraziliense.com.br\/vicente\/wp-json\/wp\/v2\/posts"}],"about":[{"href":"https:\/\/blogs.correiobraziliense.com.br\/vicente\/wp-json\/wp\/v2\/types\/post"}],"author":[{"embeddable":true,"href":"https:\/\/blogs.correiobraziliense.com.br\/vicente\/wp-json\/wp\/v2\/users\/22"}],"replies":[{"embeddable":true,"href":"https:\/\/blogs.correiobraziliense.com.br\/vicente\/wp-json\/wp\/v2\/comments?post=3121"}],"version-history":[{"count":1,"href":"https:\/\/blogs.correiobraziliense.com.br\/vicente\/wp-json\/wp\/v2\/posts\/3121\/revisions"}],"predecessor-version":[{"id":3122,"href":"https:\/\/blogs.correiobraziliense.com.br\/vicente\/wp-json\/wp\/v2\/posts\/3121\/revisions\/3122"}],"wp:attachment":[{"href":"https:\/\/blogs.correiobraziliense.com.br\/vicente\/wp-json\/wp\/v2\/media?parent=3121"}],"wp:term":[{"taxonomy":"category","embeddable":true,"href":"https:\/\/blogs.correiobraziliense.com.br\/vicente\/wp-json\/wp\/v2\/categories?post=3121"},{"taxonomy":"post_tag","embeddable":true,"href":"https:\/\/blogs.correiobraziliense.com.br\/vicente\/wp-json\/wp\/v2\/tags?post=3121"}],"curies":[{"name":"wp","href":"https:\/\/api.w.org\/{rel}","templated":true}]}}