{"id":3119,"date":"2016-09-08T17:01:47","date_gmt":"2016-09-08T20:01:47","guid":{"rendered":"https:\/\/blogs.correiobraziliense.com.br\/vicente\/?p=3119"},"modified":"2016-09-08T18:11:07","modified_gmt":"2016-09-08T21:11:07","slug":"dos-eliminados-do-concurso-do-itamaraty-sete-receberam-bolsa-de-estudo-do-orgao","status":"publish","type":"post","link":"https:\/\/blogs.correiobraziliense.com.br\/vicente\/dos-eliminados-do-concurso-do-itamaraty-sete-receberam-bolsa-de-estudo-do-orgao\/","title":{"rendered":"Dos eliminados do concurso do Itamaraty, sete receberam bolsa de estudo do \u00f3rg\u00e3o"},"content":{"rendered":"<p>O clima entre os candidatos eliminados do concurso do Itamaraty, acusados de mentirem que s\u00e3o negros para se beneficiarem do sistema de cotas, \u00e9 de desola\u00e7\u00e3o. O descontentamento \u00e9 maior entre sete dos 47 retirados da sele\u00e7\u00e3o p\u00fablico. N\u00e3o sem raz\u00e3o. Eles passaram por uma triagem feita pelo pr\u00f3prio Itamaraty, que lhes ofereceu bolsas para que pudessem estudar para o certame.<\/p>\n<p>&nbsp;<\/p>\n<p>Cada um desse sete candidatos recebeu R$ 25 mil do Itamaraty para bancar os estudos. Agora, poder\u00e3o ser obrigados a devolver o dinheiro. Mas o pior \u00e9 ficar de fora do concurso depois de terem sido classificados como negros pelo Minist\u00e9rio das Rela\u00e7\u00f5es Exteriores em um rigoroso processo de avalia\u00e7\u00e3o.<\/p>\n<p>&nbsp;<\/p>\n<p>&#8220;\u00c9 um absurdo o que est\u00e1 acontecendo&#8221;, diz o pai de um dos eliminados do concurso. &#8220;Como pode o pr\u00f3prio Itamaraty dizer de uma pessoa \u00e9 negra e est\u00e1 apta a concorrer a uma vaga pelo sistema de cotas e, depois, o mesmo Itamaraty dizer que a pessoa n\u00e3o se enquadra nas regras?&#8221;, questiona.<\/p>\n<p>&nbsp;<\/p>\n<p>A tend\u00eancia entre os eliminados do concurso \u00e9 de recorrer \u00e0 Justi\u00e7a. Ser\u00e1 uma batalha e tanto.<\/p>\n<p>&nbsp;<\/p>\n<p><em>Bras\u00edlia, 17h01min<\/em><\/p>\n","protected":false},"excerpt":{"rendered":"<p>O clima entre os candidatos eliminados do concurso do Itamaraty, acusados de mentirem que s\u00e3o negros para se beneficiarem do sistema de cotas, \u00e9 de desola\u00e7\u00e3o. O descontentamento \u00e9 maior entre sete dos 47 retirados da sele\u00e7\u00e3o p\u00fablico. N\u00e3o sem raz\u00e3o. Eles passaram por uma triagem feita pelo pr\u00f3prio Itamaraty, que lhes ofereceu bolsas para [&hellip;]<\/p>\n","protected":false},"author":22,"featured_media":0,"comment_status":"open","ping_status":"closed","sticky":false,"template":"","format":"standard","meta":{"footnotes":""},"categories":[600],"tags":[1211,859,860,1209,1207,329,1208],"class_list":["post-3119","post","type-post","status-publish","format-standard","hentry","category-economia","tag-bolsa-de-estudos","tag-concursados","tag-concurso","tag-cotas","tag-eliminacao","tag-itamaraty","tag-negros"],"_links":{"self":[{"href":"https:\/\/blogs.correiobraziliense.com.br\/vicente\/wp-json\/wp\/v2\/posts\/3119","targetHints":{"allow":["GET"]}}],"collection":[{"href":"https:\/\/blogs.correiobraziliense.com.br\/vicente\/wp-json\/wp\/v2\/posts"}],"about":[{"href":"https:\/\/blogs.correiobraziliense.com.br\/vicente\/wp-json\/wp\/v2\/types\/post"}],"author":[{"embeddable":true,"href":"https:\/\/blogs.correiobraziliense.com.br\/vicente\/wp-json\/wp\/v2\/users\/22"}],"replies":[{"embeddable":true,"href":"https:\/\/blogs.correiobraziliense.com.br\/vicente\/wp-json\/wp\/v2\/comments?post=3119"}],"version-history":[{"count":1,"href":"https:\/\/blogs.correiobraziliense.com.br\/vicente\/wp-json\/wp\/v2\/posts\/3119\/revisions"}],"predecessor-version":[{"id":3120,"href":"https:\/\/blogs.correiobraziliense.com.br\/vicente\/wp-json\/wp\/v2\/posts\/3119\/revisions\/3120"}],"wp:attachment":[{"href":"https:\/\/blogs.correiobraziliense.com.br\/vicente\/wp-json\/wp\/v2\/media?parent=3119"}],"wp:term":[{"taxonomy":"category","embeddable":true,"href":"https:\/\/blogs.correiobraziliense.com.br\/vicente\/wp-json\/wp\/v2\/categories?post=3119"},{"taxonomy":"post_tag","embeddable":true,"href":"https:\/\/blogs.correiobraziliense.com.br\/vicente\/wp-json\/wp\/v2\/tags?post=3119"}],"curies":[{"name":"wp","href":"https:\/\/api.w.org\/{rel}","templated":true}]}}