{"id":3111,"date":"2016-09-08T15:01:29","date_gmt":"2016-09-08T18:01:29","guid":{"rendered":"https:\/\/blogs.correiobraziliense.com.br\/vicente\/?p=3111"},"modified":"2016-09-08T16:03:56","modified_gmt":"2016-09-08T19:03:56","slug":"itamaraty-elimina-47-candidatos-de-concurso-que-mentiram-ser-negros","status":"publish","type":"post","link":"https:\/\/blogs.correiobraziliense.com.br\/vicente\/itamaraty-elimina-47-candidatos-de-concurso-que-mentiram-ser-negros\/","title":{"rendered":"Itamaraty elimina 47 candidatos de concurso que mentiram ser negros"},"content":{"rendered":"<p>O Itamaraty desclassificou 47 dos 112 aprovados em concurso p\u00fablico para o \u00f3rg\u00e3o, pois mentiram ser negros. Eles passaram por uma comiss\u00e3o de avalia\u00e7\u00e3o, depois da segunda fase da sele\u00e7\u00e3o, mas n\u00e3o conseguiram provar que se enquadravam dentro do regime de cotas.<\/p>\n<p>&nbsp;<\/p>\n<p>A decis\u00e3o da desclassifica\u00e7\u00e3o foi tomada na \u00faltima ter\u00e7a-feira, 6. A den\u00fancia sobre irregularidades no concurso de diplomatas para o Instituto Rio Branco foi feita pela ONG Educafro. Das 30 vagas previstas no certame, seis s\u00e3o para negros.<\/p>\n<p>&nbsp;<\/p>\n<p>&#8220;Felizmente, conseguimos reverter esses absurdos. N\u00e3o \u00e9 poss\u00edvel que as pessoas se aproveitem de um regime superimportante de inclus\u00e3o social para se darem bem&#8221;, diz Frei David, da Educafro.<\/p>\n<p>&nbsp;<\/p>\n<p>Por recomenda\u00e7\u00e3o do Minist\u00e9rio P\u00fablico, o governo mudou a avalia\u00e7\u00e3o do sistema de cotas. Agora, n\u00e3o basta mais a autodeclara\u00e7\u00e3o. Os candidatos precisam passar por uma comiss\u00e3o formada por integrantes dos \u00f3rg\u00e3o que est\u00e3o realizando as sele\u00e7\u00f5es p\u00fablicas.<\/p>\n<p>&nbsp;<\/p>\n<p><em>Bras\u00edlia, 15h01min<\/em><\/p>\n","protected":false},"excerpt":{"rendered":"<p>O Itamaraty desclassificou 47 dos 112 aprovados em concurso p\u00fablico para o \u00f3rg\u00e3o, pois mentiram ser negros. Eles passaram por uma comiss\u00e3o de avalia\u00e7\u00e3o, depois da segunda fase da sele\u00e7\u00e3o, mas n\u00e3o conseguiram provar que se enquadravam dentro do regime de cotas. &nbsp; A decis\u00e3o da desclassifica\u00e7\u00e3o foi tomada na \u00faltima ter\u00e7a-feira, 6. A den\u00fancia [&hellip;]<\/p>\n","protected":false},"author":22,"featured_media":0,"comment_status":"open","ping_status":"closed","sticky":false,"template":"","format":"standard","meta":{"footnotes":""},"categories":[600],"tags":[860,1209,1210,1207,329,1208],"class_list":["post-3111","post","type-post","status-publish","format-standard","hentry","category-economia","tag-concurso","tag-cotas","tag-educafro","tag-eliminacao","tag-itamaraty","tag-negros"],"_links":{"self":[{"href":"https:\/\/blogs.correiobraziliense.com.br\/vicente\/wp-json\/wp\/v2\/posts\/3111","targetHints":{"allow":["GET"]}}],"collection":[{"href":"https:\/\/blogs.correiobraziliense.com.br\/vicente\/wp-json\/wp\/v2\/posts"}],"about":[{"href":"https:\/\/blogs.correiobraziliense.com.br\/vicente\/wp-json\/wp\/v2\/types\/post"}],"author":[{"embeddable":true,"href":"https:\/\/blogs.correiobraziliense.com.br\/vicente\/wp-json\/wp\/v2\/users\/22"}],"replies":[{"embeddable":true,"href":"https:\/\/blogs.correiobraziliense.com.br\/vicente\/wp-json\/wp\/v2\/comments?post=3111"}],"version-history":[{"count":5,"href":"https:\/\/blogs.correiobraziliense.com.br\/vicente\/wp-json\/wp\/v2\/posts\/3111\/revisions"}],"predecessor-version":[{"id":3116,"href":"https:\/\/blogs.correiobraziliense.com.br\/vicente\/wp-json\/wp\/v2\/posts\/3111\/revisions\/3116"}],"wp:attachment":[{"href":"https:\/\/blogs.correiobraziliense.com.br\/vicente\/wp-json\/wp\/v2\/media?parent=3111"}],"wp:term":[{"taxonomy":"category","embeddable":true,"href":"https:\/\/blogs.correiobraziliense.com.br\/vicente\/wp-json\/wp\/v2\/categories?post=3111"},{"taxonomy":"post_tag","embeddable":true,"href":"https:\/\/blogs.correiobraziliense.com.br\/vicente\/wp-json\/wp\/v2\/tags?post=3111"}],"curies":[{"name":"wp","href":"https:\/\/api.w.org\/{rel}","templated":true}]}}