{"id":3109,"date":"2016-09-08T15:35:45","date_gmt":"2016-09-08T18:35:45","guid":{"rendered":"https:\/\/blogs.correiobraziliense.com.br\/vicente\/?p=3109"},"modified":"2016-09-08T16:08:47","modified_gmt":"2016-09-08T19:08:47","slug":"carlos-alberto-caser-se-apresenta-hoje-pf","status":"publish","type":"post","link":"https:\/\/blogs.correiobraziliense.com.br\/vicente\/carlos-alberto-caser-se-apresenta-hoje-pf\/","title":{"rendered":"Carlos Alberto Caser se apresenta hoje \u00e0 PF"},"content":{"rendered":"<p>POR ANTONIO TEM\u00d3TEO<\/p>\n<p>&nbsp;<\/p>\n<p>O ex-presidente da Funcef Carlos Alberto Caser se apresentou hoje \u00e0 Pol\u00edcia Federal (PF). A Justi\u00e7a determinou o processo a pris\u00e3o tempor\u00e1ria do executivo e ele estava foragido desde a \u00faltima segunda-feira, quando a PF e o Minist\u00e9rio P\u00fablico Federal (MPF) deflagraram a Opera\u00e7\u00e3o Greenfield.\u00a0F\u00e1bio Manimoni Gon\u00e7alves, outro ex-dirigente da Funcef ainda est\u00e1 foragido.<\/p>\n<p>&nbsp;<\/p>\n<p>Os ex-dirigentes da Funcef\u00a0Carlos Augusto Borges,\u00a0Dem\u00f3sthenes Marques e\u00a0Maur\u00edcio Marcellini Pereira foram soltos da pris\u00e3o depois de prestarem esclarecimentos. A Justi\u00e7a prorrogou por mais dois dias a pris\u00e3o tempor\u00e1ria de Guilherme Lacerda e de\u00a0Humberto Pires Grault Vianna de Lima.<\/p>\n","protected":false},"excerpt":{"rendered":"<p>POR ANTONIO TEM\u00d3TEO &nbsp; O ex-presidente da Funcef Carlos Alberto Caser se apresentou hoje \u00e0 Pol\u00edcia Federal (PF). A Justi\u00e7a determinou o processo a pris\u00e3o tempor\u00e1ria do executivo e ele estava foragido desde a \u00faltima segunda-feira, quando a PF e o Minist\u00e9rio P\u00fablico Federal (MPF) deflagraram a Opera\u00e7\u00e3o Greenfield.\u00a0F\u00e1bio Manimoni Gon\u00e7alves, outro ex-dirigente da Funcef [&hellip;]<\/p>\n","protected":false},"author":22,"featured_media":0,"comment_status":"open","ping_status":"closed","sticky":false,"template":"","format":"standard","meta":{"footnotes":""},"categories":[600],"tags":[109],"class_list":["post-3109","post","type-post","status-publish","format-standard","hentry","category-economia","tag-funcef"],"_links":{"self":[{"href":"https:\/\/blogs.correiobraziliense.com.br\/vicente\/wp-json\/wp\/v2\/posts\/3109","targetHints":{"allow":["GET"]}}],"collection":[{"href":"https:\/\/blogs.correiobraziliense.com.br\/vicente\/wp-json\/wp\/v2\/posts"}],"about":[{"href":"https:\/\/blogs.correiobraziliense.com.br\/vicente\/wp-json\/wp\/v2\/types\/post"}],"author":[{"embeddable":true,"href":"https:\/\/blogs.correiobraziliense.com.br\/vicente\/wp-json\/wp\/v2\/users\/22"}],"replies":[{"embeddable":true,"href":"https:\/\/blogs.correiobraziliense.com.br\/vicente\/wp-json\/wp\/v2\/comments?post=3109"}],"version-history":[{"count":3,"href":"https:\/\/blogs.correiobraziliense.com.br\/vicente\/wp-json\/wp\/v2\/posts\/3109\/revisions"}],"predecessor-version":[{"id":3118,"href":"https:\/\/blogs.correiobraziliense.com.br\/vicente\/wp-json\/wp\/v2\/posts\/3109\/revisions\/3118"}],"wp:attachment":[{"href":"https:\/\/blogs.correiobraziliense.com.br\/vicente\/wp-json\/wp\/v2\/media?parent=3109"}],"wp:term":[{"taxonomy":"category","embeddable":true,"href":"https:\/\/blogs.correiobraziliense.com.br\/vicente\/wp-json\/wp\/v2\/categories?post=3109"},{"taxonomy":"post_tag","embeddable":true,"href":"https:\/\/blogs.correiobraziliense.com.br\/vicente\/wp-json\/wp\/v2\/tags?post=3109"}],"curies":[{"name":"wp","href":"https:\/\/api.w.org\/{rel}","templated":true}]}}