{"id":3102,"date":"2016-09-07T10:16:03","date_gmt":"2016-09-07T13:16:03","guid":{"rendered":"https:\/\/blogs.correiobraziliense.com.br\/vicente\/?p=3102"},"modified":"2016-09-07T12:39:37","modified_gmt":"2016-09-07T15:39:37","slug":"defensores-publicos-abrem-guerra-contra-agu","status":"publish","type":"post","link":"https:\/\/blogs.correiobraziliense.com.br\/vicente\/defensores-publicos-abrem-guerra-contra-agu\/","title":{"rendered":"Defensores p\u00fablicos abrem guerra contra AGU"},"content":{"rendered":"<p>ANTONIO TEM\u00d3TEO<\/p>\n<p>&nbsp;<\/p>\n<p>Os defensores p\u00fablicos prometem uma rebeli\u00e3o contra a Advocacia-Geral da Uni\u00e3o (AGU), que recomendou ao presidente Michel Temer que vete o Projeto de Lei Complementar (PLC) 32\/2016, que trata da reestrutura\u00e7\u00e3o e da remunera\u00e7\u00e3o da carreira.<\/p>\n<p>&nbsp;<\/p>\n<p>Segundo a Associa\u00e7\u00e3o Nacional dos Defensores P\u00fablicos Federais (Anadef), o argumento usado pela AGU, de que o tema n\u00e3o pode ser tratado por lei complementar, ferindo a Constitui\u00e7\u00e3o, \u00e9 infundado.<\/p>\n<p>&nbsp;<\/p>\n<p>A Anadef lembra que tanto a Defensoria P\u00fablica quanto a magistratura, o Minist\u00e9rio P\u00fablico e a pr\u00f3pria AGU s\u00e3o organizados por lei complementar. &#8220;A organiza\u00e7\u00e3o das carreiras citadas n\u00e3o impediu a edi\u00e7\u00e3o de leis, com san\u00e7\u00e3o, sem questionamento da constitucionalidade. \u00c9 absolutamente injustific\u00e1vel que, justamente agora, tal inconstitucionalidade seja arguida&#8221;, ressalta.<\/p>\n<p>&nbsp;<\/p>\n<p>Para a Anadef, fica a pergunta: &#8220;Trata-se de manifesta\u00e7\u00e3o pela inconstitucionalidade do projeto (que reajusta os sal\u00e1rios dos defensores e reestrutura as carreiras) ou pela inconveni\u00eancia do fortalecimento da Defensoria P\u00fablica?&#8221;.<\/p>\n","protected":false},"excerpt":{"rendered":"<p>ANTONIO TEM\u00d3TEO &nbsp; Os defensores p\u00fablicos prometem uma rebeli\u00e3o contra a Advocacia-Geral da Uni\u00e3o (AGU), que recomendou ao presidente Michel Temer que vete o Projeto de Lei Complementar (PLC) 32\/2016, que trata da reestrutura\u00e7\u00e3o e da remunera\u00e7\u00e3o da carreira. &nbsp; Segundo a Associa\u00e7\u00e3o Nacional dos Defensores P\u00fablicos Federais (Anadef), o argumento usado pela AGU, de [&hellip;]<\/p>\n","protected":false},"author":22,"featured_media":0,"comment_status":"open","ping_status":"closed","sticky":false,"template":"","format":"standard","meta":{"footnotes":""},"categories":[600],"tags":[1206,749,715,264,295,85],"class_list":["post-3102","post","type-post","status-publish","format-standard","hentry","category-economia","tag-advocacia-geral-da-uniao","tag-carreiras","tag-defensoria-publica-da-uniao","tag-reajuste","tag-reestruturacao","tag-salario"],"_links":{"self":[{"href":"https:\/\/blogs.correiobraziliense.com.br\/vicente\/wp-json\/wp\/v2\/posts\/3102","targetHints":{"allow":["GET"]}}],"collection":[{"href":"https:\/\/blogs.correiobraziliense.com.br\/vicente\/wp-json\/wp\/v2\/posts"}],"about":[{"href":"https:\/\/blogs.correiobraziliense.com.br\/vicente\/wp-json\/wp\/v2\/types\/post"}],"author":[{"embeddable":true,"href":"https:\/\/blogs.correiobraziliense.com.br\/vicente\/wp-json\/wp\/v2\/users\/22"}],"replies":[{"embeddable":true,"href":"https:\/\/blogs.correiobraziliense.com.br\/vicente\/wp-json\/wp\/v2\/comments?post=3102"}],"version-history":[{"count":2,"href":"https:\/\/blogs.correiobraziliense.com.br\/vicente\/wp-json\/wp\/v2\/posts\/3102\/revisions"}],"predecessor-version":[{"id":3104,"href":"https:\/\/blogs.correiobraziliense.com.br\/vicente\/wp-json\/wp\/v2\/posts\/3102\/revisions\/3104"}],"wp:attachment":[{"href":"https:\/\/blogs.correiobraziliense.com.br\/vicente\/wp-json\/wp\/v2\/media?parent=3102"}],"wp:term":[{"taxonomy":"category","embeddable":true,"href":"https:\/\/blogs.correiobraziliense.com.br\/vicente\/wp-json\/wp\/v2\/categories?post=3102"},{"taxonomy":"post_tag","embeddable":true,"href":"https:\/\/blogs.correiobraziliense.com.br\/vicente\/wp-json\/wp\/v2\/tags?post=3102"}],"curies":[{"name":"wp","href":"https:\/\/api.w.org\/{rel}","templated":true}]}}