{"id":3100,"date":"2016-09-07T07:10:15","date_gmt":"2016-09-07T10:10:15","guid":{"rendered":"https:\/\/blogs.correiobraziliense.com.br\/vicente\/?p=3100"},"modified":"2016-09-07T09:09:05","modified_gmt":"2016-09-07T12:09:05","slug":"coluna-no-correio-brincando-com-fogo","status":"publish","type":"post","link":"https:\/\/blogs.correiobraziliense.com.br\/vicente\/coluna-no-correio-brincando-com-fogo\/","title":{"rendered":"Coluna no Correio: Brincando com fogo"},"content":{"rendered":"<p>O governo est\u00e1 brincando com fogo ao deixar a base aliada dar tantos sinais de fragilidade. Justamente o que os investidores mais temiam depois da aprova\u00e7\u00e3o do impeachment de Dilma Rousseff \u2014 a dificuldade do Pal\u00e1cio do Planalto de levar adiante a reforma da Previd\u00eancia e a Proposta de Emenda \u00e0 Constitui\u00e7\u00e3o (PEC) que limita o aumento de gastos \u00e0 infla\u00e7\u00e3o do ano anterior \u2014 est\u00e1 acontecendo. O sinal de alerta foi ligado.<\/p>\n<p>&nbsp;<\/p>\n<p>Ciente do risco, o presidente Michel Temer n\u00e3o s\u00f3 antecipou a chegada ao Brasil da viagem \u00e0 China, como convocou aliados e ministros mais pr\u00f3ximos para tentar apaziguar os \u00e2nimos e dar demonstra\u00e7\u00f5es de for\u00e7a. Agora, a garantia \u00e9 de que a reforma da Previd\u00eancia ser\u00e1 encaminhada ainda neste m\u00eas ao Congresso e n\u00e3o mais depois das elei\u00e7\u00f5es municipais, como pregava o presidente da C\u00e2mara, Rodrigo Maia.<\/p>\n<p>&nbsp;<\/p>\n<p>Neste momento, contudo, mais do que as mudan\u00e7as no sistema previdenci\u00e1rio, o que realmente preocupa os investidores \u00e9 o andamento da PEC dos gastos. Sem a aprova\u00e7\u00e3o da proposta, n\u00e3o h\u00e1 como se falar em ajuste fiscal. Como bem ressalta um dos maiores banqueiros do pa\u00eds, se o teto dos gastos for empurrado com a barriga e desfigurado no Congresso, o governo de Temer acabar\u00e1 pouco depois de come\u00e7ar. N\u00e3o h\u00e1 como se falar em retomada do crescimento econ\u00f4mico com o desajuste das contas p\u00fablicas alimentando a desconfian\u00e7a.<\/p>\n<p>&nbsp;<\/p>\n<p><b>Irresponsabilidade<\/b><\/p>\n<p>&nbsp;<\/p>\n<p>A base de todos os problemas que o Brasil enfrenta hoje est\u00e1 na \u00e1rea fiscal. Da forma como as despesas est\u00e3o estruturadas hoje, \u00e9 imposs\u00edvel a economia se manter de p\u00e9. Para sustentar um Estado perdul\u00e1rio, a sociedade banca uma carga tribut\u00e1ria de quase 36% do Produto Interno Bruto (PIB). Mesmo com tantos impostos, as contas p\u00fablicas ter\u00e3o, neste ano, rombo de R$ 170,5 bilh\u00f5es. Em 2017, ser\u00e3o mais R$ 139 bilh\u00f5es. \u00c9 imposs\u00edvel continuar convivendo com tamanho descalabro. O governo precisa convencer a base aliada de que o jogo que est\u00e1 sendo jogado s\u00f3 tem um lado: o do pa\u00eds.<\/p>\n<p>&nbsp;<\/p>\n<p>Ao falar dos desafios de Temer, um dos donos de um dos maiores bancos privados do pa\u00eds aponta para um gr\u00e1fico que est\u00e1 sobre sua mesa. Nele, est\u00e3o duas barras. Uma delas mostra que o PIB per capita (total de riquezas dividido pela popula\u00e7\u00e3o) voltou aos n\u00edveis do terceiro trimestre de 2009. \u201cFicamos mais pobres. Todos os ganhos trazidos pela estabilidade foram destru\u00eddos por uma pol\u00edtica econ\u00f4mica irrespons\u00e1vel. Para reverter isso, s\u00f3 com muito ju\u00edzo. E isso passa pela arruma\u00e7\u00e3o das contas p\u00fablicas\u201d, afirma.<\/p>\n<p>&nbsp;<\/p>\n<p>Portanto, Temer n\u00e3o pode se render aos interesses pol\u00edticos. Chegou a hora de se pensar no pa\u00eds. Por mais que a base aliada esperneie, ele ter\u00e1 que demonstrar fidelidade aos compromissos assumidos quando jurou sobre a Constitui\u00e7\u00e3o fazer o melhor para pa\u00eds. Qualquer outro caminho levar\u00e1 ao fracasso.<\/p>\n<p>&nbsp;<\/p>\n<p><i>Bras\u00edlia, 07h10min<\/i><\/p>\n","protected":false},"excerpt":{"rendered":"<p>O governo est\u00e1 brincando com fogo ao deixar a base aliada dar tantos sinais de fragilidade. Justamente o que os investidores mais temiam depois da aprova\u00e7\u00e3o do impeachment de Dilma Rousseff \u2014 a dificuldade do Pal\u00e1cio do Planalto de levar adiante a reforma da Previd\u00eancia e a Proposta de Emenda \u00e0 Constitui\u00e7\u00e3o (PEC) que limita [&hellip;]<\/p>\n","protected":false},"author":22,"featured_media":0,"comment_status":"open","ping_status":"closed","sticky":false,"template":"","format":"standard","meta":{"footnotes":""},"categories":[600],"tags":[1204,111,658,429,1205,614],"class_list":["post-3100","post","type-post","status-publish","format-standard","hentry","category-economia","tag-base-aliada","tag-michel-temer","tag-pec-dos-gastos","tag-previdencia","tag-racha","tag-reforma"],"_links":{"self":[{"href":"https:\/\/blogs.correiobraziliense.com.br\/vicente\/wp-json\/wp\/v2\/posts\/3100","targetHints":{"allow":["GET"]}}],"collection":[{"href":"https:\/\/blogs.correiobraziliense.com.br\/vicente\/wp-json\/wp\/v2\/posts"}],"about":[{"href":"https:\/\/blogs.correiobraziliense.com.br\/vicente\/wp-json\/wp\/v2\/types\/post"}],"author":[{"embeddable":true,"href":"https:\/\/blogs.correiobraziliense.com.br\/vicente\/wp-json\/wp\/v2\/users\/22"}],"replies":[{"embeddable":true,"href":"https:\/\/blogs.correiobraziliense.com.br\/vicente\/wp-json\/wp\/v2\/comments?post=3100"}],"version-history":[{"count":1,"href":"https:\/\/blogs.correiobraziliense.com.br\/vicente\/wp-json\/wp\/v2\/posts\/3100\/revisions"}],"predecessor-version":[{"id":3101,"href":"https:\/\/blogs.correiobraziliense.com.br\/vicente\/wp-json\/wp\/v2\/posts\/3100\/revisions\/3101"}],"wp:attachment":[{"href":"https:\/\/blogs.correiobraziliense.com.br\/vicente\/wp-json\/wp\/v2\/media?parent=3100"}],"wp:term":[{"taxonomy":"category","embeddable":true,"href":"https:\/\/blogs.correiobraziliense.com.br\/vicente\/wp-json\/wp\/v2\/categories?post=3100"},{"taxonomy":"post_tag","embeddable":true,"href":"https:\/\/blogs.correiobraziliense.com.br\/vicente\/wp-json\/wp\/v2\/tags?post=3100"}],"curies":[{"name":"wp","href":"https:\/\/api.w.org\/{rel}","templated":true}]}}