{"id":3077,"date":"2016-09-06T11:54:24","date_gmt":"2016-09-06T14:54:24","guid":{"rendered":"https:\/\/blogs.correiobraziliense.com.br\/vicente\/?p=3077"},"modified":"2016-09-06T12:06:10","modified_gmt":"2016-09-06T15:06:10","slug":"previc-determina-intervencao-no-serpros","status":"publish","type":"post","link":"https:\/\/blogs.correiobraziliense.com.br\/vicente\/previc-determina-intervencao-no-serpros\/","title":{"rendered":"Previc determina interven\u00e7\u00e3o no Serpros"},"content":{"rendered":"<p>POR ANTONIO TEM\u00d3TEO<\/p>\n<p>&nbsp;<\/p>\n<p>Em meio a devassa que a Pol\u00edcia Federal (PF) e o Minist\u00e9rio P\u00fablico Federal (MPF) fazem na Previ, na Petros, na Funcef e no Postalis, \u00a0a Superintend\u00eancia Nacional de Previd\u00eancia Complementar (Previc) decretou hoje interven\u00e7\u00e3o no Serpros, fundo de pens\u00e3o dos empregados do Servi\u00e7o Federal de Processamento de Dados (Serpro).<\/p>\n<p>&nbsp;<\/p>\n<p>Walter Carvalho Parente foi escolhido pela Previc como interventor e ter\u00e1 at\u00e9 180 para sanar os problemas do Serpros. O \u00f3rg\u00e3o fiscalizador das entidades fechadas de previd\u00eancia complementar justificou que houve descumprimento de disposi\u00e7\u00f5es estatut\u00e1rias e de obriga\u00e7\u00f5es previstas nos regulamentos nos planos de benef\u00edcios.<\/p>\n<p>&nbsp;<\/p>\n<p>Est\u00e1 \u00e9 a segunda interven\u00e7\u00e3o no Serpros em menos de um ano. O fundo de pens\u00e3o esteve sob inverten\u00e7\u00e3o da Previc entre maio de 2015 e e abril de 2016 por irregularidades na constitui\u00e7\u00e3o de reservas, provis\u00f5es e aplica\u00e7\u00f5es dos recursos que garantem a aposentaria de milhares de trabalhadores.<\/p>\n","protected":false},"excerpt":{"rendered":"<p>POR ANTONIO TEM\u00d3TEO &nbsp; Em meio a devassa que a Pol\u00edcia Federal (PF) e o Minist\u00e9rio P\u00fablico Federal (MPF) fazem na Previ, na Petros, na Funcef e no Postalis, \u00a0a Superintend\u00eancia Nacional de Previd\u00eancia Complementar (Previc) decretou hoje interven\u00e7\u00e3o no Serpros, fundo de pens\u00e3o dos empregados do Servi\u00e7o Federal de Processamento de Dados (Serpro). &nbsp; [&hellip;]<\/p>\n","protected":false},"author":22,"featured_media":0,"comment_status":"open","ping_status":"closed","sticky":false,"template":"","format":"standard","meta":{"footnotes":""},"categories":[600],"tags":[710,251,1198],"class_list":["post-3077","post","type-post","status-publish","format-standard","hentry","category-economia","tag-intervencao","tag-previc","tag-serpros"],"_links":{"self":[{"href":"https:\/\/blogs.correiobraziliense.com.br\/vicente\/wp-json\/wp\/v2\/posts\/3077","targetHints":{"allow":["GET"]}}],"collection":[{"href":"https:\/\/blogs.correiobraziliense.com.br\/vicente\/wp-json\/wp\/v2\/posts"}],"about":[{"href":"https:\/\/blogs.correiobraziliense.com.br\/vicente\/wp-json\/wp\/v2\/types\/post"}],"author":[{"embeddable":true,"href":"https:\/\/blogs.correiobraziliense.com.br\/vicente\/wp-json\/wp\/v2\/users\/22"}],"replies":[{"embeddable":true,"href":"https:\/\/blogs.correiobraziliense.com.br\/vicente\/wp-json\/wp\/v2\/comments?post=3077"}],"version-history":[{"count":3,"href":"https:\/\/blogs.correiobraziliense.com.br\/vicente\/wp-json\/wp\/v2\/posts\/3077\/revisions"}],"predecessor-version":[{"id":3084,"href":"https:\/\/blogs.correiobraziliense.com.br\/vicente\/wp-json\/wp\/v2\/posts\/3077\/revisions\/3084"}],"wp:attachment":[{"href":"https:\/\/blogs.correiobraziliense.com.br\/vicente\/wp-json\/wp\/v2\/media?parent=3077"}],"wp:term":[{"taxonomy":"category","embeddable":true,"href":"https:\/\/blogs.correiobraziliense.com.br\/vicente\/wp-json\/wp\/v2\/categories?post=3077"},{"taxonomy":"post_tag","embeddable":true,"href":"https:\/\/blogs.correiobraziliense.com.br\/vicente\/wp-json\/wp\/v2\/tags?post=3077"}],"curies":[{"name":"wp","href":"https:\/\/api.w.org\/{rel}","templated":true}]}}