{"id":3062,"date":"2016-09-05T16:57:49","date_gmt":"2016-09-05T19:57:49","guid":{"rendered":"https:\/\/blogs.correiobraziliense.com.br\/vicente\/?p=3062"},"modified":"2016-09-05T19:31:21","modified_gmt":"2016-09-05T22:31:21","slug":"pelo-menos-cinco-ex-diretores-da-funcef-sao-presos-temporariamente","status":"publish","type":"post","link":"https:\/\/blogs.correiobraziliense.com.br\/vicente\/pelo-menos-cinco-ex-diretores-da-funcef-sao-presos-temporariamente\/","title":{"rendered":"Pelo menos seis ex-dirigentes da Funcef s\u00e3o presos temporariamente"},"content":{"rendered":"<p>POR ANTONIO TEM\u00d3TEO E EDUARDO MILIT\u00c3O<\/p>\n<p>&nbsp;<\/p>\n<p>A Opera\u00e7\u00e3o Greenfield prendeu preventivamente pelo menos seis ex-dirigentes da Funcef, o fundo de pens\u00e3o dos empregados da Caixa Econ\u00f4mica Federal, e um foi diretor da Petros e do Funpresp, o fundo de pens\u00e3o dos servidores p\u00fablicos federais. Veja a lista das pessoas que est\u00e3o atr\u00e1s das grades:<\/p>\n<p>Carlos Alberto Caser<\/p>\n<p>Carlos Augusto Borges<\/p>\n<p>Dem\u00f3sthenes Marques<\/p>\n<p>Maur\u00edcio Marcellini Pereira<\/p>\n<p>Guilherme Lacerda<\/p>\n<p>F\u00e1bio Manimoni Gon\u00e7alves<\/p>\n<p>Humberto Pires Grault Vianna de Lima<\/p>\n","protected":false},"excerpt":{"rendered":"<p>POR ANTONIO TEM\u00d3TEO E EDUARDO MILIT\u00c3O &nbsp; A Opera\u00e7\u00e3o Greenfield prendeu preventivamente pelo menos seis ex-dirigentes da Funcef, o fundo de pens\u00e3o dos empregados da Caixa Econ\u00f4mica Federal, e um foi diretor da Petros e do Funpresp, o fundo de pens\u00e3o dos servidores p\u00fablicos federais. Veja a lista das pessoas que est\u00e3o atr\u00e1s das grades: [&hellip;]<\/p>\n","protected":false},"author":22,"featured_media":0,"comment_status":"open","ping_status":"closed","sticky":false,"template":"","format":"standard","meta":{"footnotes":""},"categories":[600],"tags":[109,1189,371],"class_list":["post-3062","post","type-post","status-publish","format-standard","hentry","category-economia","tag-funcef","tag-funpresp","tag-petros"],"_links":{"self":[{"href":"https:\/\/blogs.correiobraziliense.com.br\/vicente\/wp-json\/wp\/v2\/posts\/3062","targetHints":{"allow":["GET"]}}],"collection":[{"href":"https:\/\/blogs.correiobraziliense.com.br\/vicente\/wp-json\/wp\/v2\/posts"}],"about":[{"href":"https:\/\/blogs.correiobraziliense.com.br\/vicente\/wp-json\/wp\/v2\/types\/post"}],"author":[{"embeddable":true,"href":"https:\/\/blogs.correiobraziliense.com.br\/vicente\/wp-json\/wp\/v2\/users\/22"}],"replies":[{"embeddable":true,"href":"https:\/\/blogs.correiobraziliense.com.br\/vicente\/wp-json\/wp\/v2\/comments?post=3062"}],"version-history":[{"count":4,"href":"https:\/\/blogs.correiobraziliense.com.br\/vicente\/wp-json\/wp\/v2\/posts\/3062\/revisions"}],"predecessor-version":[{"id":3073,"href":"https:\/\/blogs.correiobraziliense.com.br\/vicente\/wp-json\/wp\/v2\/posts\/3062\/revisions\/3073"}],"wp:attachment":[{"href":"https:\/\/blogs.correiobraziliense.com.br\/vicente\/wp-json\/wp\/v2\/media?parent=3062"}],"wp:term":[{"taxonomy":"category","embeddable":true,"href":"https:\/\/blogs.correiobraziliense.com.br\/vicente\/wp-json\/wp\/v2\/categories?post=3062"},{"taxonomy":"post_tag","embeddable":true,"href":"https:\/\/blogs.correiobraziliense.com.br\/vicente\/wp-json\/wp\/v2\/tags?post=3062"}],"curies":[{"name":"wp","href":"https:\/\/api.w.org\/{rel}","templated":true}]}}