{"id":304,"date":"2015-12-01T16:49:30","date_gmt":"2015-12-01T18:49:30","guid":{"rendered":"https:\/\/blogs.correiobraziliense.com.br\/vicente\/?p=304"},"modified":"2015-12-01T23:34:16","modified_gmt":"2015-12-02T01:34:16","slug":"festa-de-fim-de-ano-e-cancelada-no-btg-pactual","status":"publish","type":"post","link":"https:\/\/blogs.correiobraziliense.com.br\/vicente\/festa-de-fim-de-ano-e-cancelada-no-btg-pactual\/","title":{"rendered":"COM ESTEVES NA CADEIA, BTG PACTUAL CANCELA FESTA DE FIM DE ANO"},"content":{"rendered":"<p>ANTONIO TEM\u00d3TEO<\/p>\n<p>&nbsp;<\/p>\n<p>A pris\u00e3o de Andr\u00e9 Esteves, controlador do BTG Pactual, levou a institui\u00e7\u00e3o financeira a cancelar sua festa de fim de ano. Em comunicado interno, o departamento de marketing do banco informou aos empregados que a comemora\u00e7\u00e3o, marcada para 12 de dezembro, no P\u00eder Mau\u00e1 (RJ), est\u00e1 suspensa. Sem nada para comemorar, os s\u00f3cios est\u00e3o mais interessados em comprar os 28% que Esteves det\u00e9m do capital do BTG.<\/p>\n","protected":false},"excerpt":{"rendered":"<p>ANTONIO TEM\u00d3TEO &nbsp; A pris\u00e3o de Andr\u00e9 Esteves, controlador do BTG Pactual, levou a institui\u00e7\u00e3o financeira a cancelar sua festa de fim de ano. Em comunicado interno, o departamento de marketing do banco informou aos empregados que a comemora\u00e7\u00e3o, marcada para 12 de dezembro, no P\u00eder Mau\u00e1 (RJ), est\u00e1 suspensa. Sem nada para comemorar, os [&hellip;]<\/p>\n","protected":false},"author":22,"featured_media":305,"comment_status":"open","ping_status":"closed","sticky":false,"template":"","format":"standard","meta":{"footnotes":""},"categories":[1],"tags":[52,53,56,57],"class_list":["post-304","post","type-post","status-publish","format-standard","has-post-thumbnail","hentry","category-sem-categoria","tag-andre-esteves","tag-btg-pactual","tag-cancelamento","tag-festa-de-fim-de-ano"],"_links":{"self":[{"href":"https:\/\/blogs.correiobraziliense.com.br\/vicente\/wp-json\/wp\/v2\/posts\/304","targetHints":{"allow":["GET"]}}],"collection":[{"href":"https:\/\/blogs.correiobraziliense.com.br\/vicente\/wp-json\/wp\/v2\/posts"}],"about":[{"href":"https:\/\/blogs.correiobraziliense.com.br\/vicente\/wp-json\/wp\/v2\/types\/post"}],"author":[{"embeddable":true,"href":"https:\/\/blogs.correiobraziliense.com.br\/vicente\/wp-json\/wp\/v2\/users\/22"}],"replies":[{"embeddable":true,"href":"https:\/\/blogs.correiobraziliense.com.br\/vicente\/wp-json\/wp\/v2\/comments?post=304"}],"version-history":[{"count":4,"href":"https:\/\/blogs.correiobraziliense.com.br\/vicente\/wp-json\/wp\/v2\/posts\/304\/revisions"}],"predecessor-version":[{"id":309,"href":"https:\/\/blogs.correiobraziliense.com.br\/vicente\/wp-json\/wp\/v2\/posts\/304\/revisions\/309"}],"wp:featuredmedia":[{"embeddable":true,"href":"https:\/\/blogs.correiobraziliense.com.br\/vicente\/wp-json\/wp\/v2\/media\/305"}],"wp:attachment":[{"href":"https:\/\/blogs.correiobraziliense.com.br\/vicente\/wp-json\/wp\/v2\/media?parent=304"}],"wp:term":[{"taxonomy":"category","embeddable":true,"href":"https:\/\/blogs.correiobraziliense.com.br\/vicente\/wp-json\/wp\/v2\/categories?post=304"},{"taxonomy":"post_tag","embeddable":true,"href":"https:\/\/blogs.correiobraziliense.com.br\/vicente\/wp-json\/wp\/v2\/tags?post=304"}],"curies":[{"name":"wp","href":"https:\/\/api.w.org\/{rel}","templated":true}]}}