{"id":3009,"date":"2016-09-02T16:10:15","date_gmt":"2016-09-02T19:10:15","guid":{"rendered":"https:\/\/blogs.correiobraziliense.com.br\/vicente\/?p=3009"},"modified":"2016-09-02T16:37:13","modified_gmt":"2016-09-02T19:37:13","slug":"para-banqueiro-governo-deve-priorizar-aprovacao-da-pec-dos-gastos","status":"publish","type":"post","link":"https:\/\/blogs.correiobraziliense.com.br\/vicente\/para-banqueiro-governo-deve-priorizar-aprovacao-da-pec-dos-gastos\/","title":{"rendered":"Para banqueiro, governo deve priorizar a aprova\u00e7\u00e3o da PEC dos gastos"},"content":{"rendered":"<p>Em conversa com o <b>Blog<\/b>, um dos principais banqueiros do pa\u00eds diz que o governo deve dar toda prioridade para a aprova\u00e7\u00e3o da Proposta de Emenda \u00e0 Constitui\u00e7\u00e3o (PEC) que limita o aumento de gastos a infla\u00e7\u00e3o do ano anterior a fim de consolidar a retomada da confian\u00e7a na economia.<\/p>\n<p>&nbsp;<\/p>\n<p>Para ele, o Pal\u00e1cio do Planalto n\u00e3o deveria contaminar o debate sobre a PEC com a reforma da Previd\u00eancia. &#8220;\u00c9 quest\u00e3o de prioridade. Come\u00e7a-se com a PEC e, depois, parte-se para a reforma Previd\u00eancia, que envolver\u00e1 muita pol\u00eamica&#8221;, afirma.<\/p>\n<p>&nbsp;<\/p>\n<p>Na vis\u00e3o do banqueiro, ainda n\u00e3o h\u00e1 motivo para comemora\u00e7\u00e3o em rala\u00e7\u00e3o \u00e0 gest\u00e3o de Michel Temer. &#8220;Estou moderadamente otimista. S\u00f3 ficarei mais confiante se a PEC for aprovada sem nenhuma mexida pelo Congresso. S\u00f3 assim ser\u00e1 poss\u00edvel fazer um ajuste fiscal consistente&#8221;, assinala.<\/p>\n<p>&nbsp;<\/p>\n<p>Ele ressalta ainda que o crescimento da economia se dar\u00e1 de forma mais lenta que o desejado, e que isso pode frustrar o governo, que deseja um aumento da popularidade. &#8220;N\u00e3o veremos o que ocorreu em 1994, quando os ganhos com o controle da infla\u00e7\u00e3o foram quase imediatos. Agora, a sensa\u00e7\u00e3o de bem-estar vai demorar mais a aparecer, porque o desemprego continuar\u00e1 alto at\u00e9 2018 e a renda permanecer\u00e1 achatada&#8221;, frisa.<\/p>\n<p>&nbsp;<\/p>\n<p>Para o banqueiro, o Banco Central s\u00f3 se sentir\u00e1 confort\u00e1vel para cortar a taxa b\u00e1sica de juros (Selic) se a PEC dos gastos estiver aprovada, em dois turnos, na C\u00e2mara dos Deputados, o que deve ocorrer at\u00e9 o fim de outubro. Portanto, no entender dele, o mais prov\u00e1vel \u00e9 que a Selic, mantida esta semana em 14,25% ao ano, s\u00f3 deve cair a partir de novembro. &#8220;\u00c9 o mais prov\u00e1vel e o que pode dar maior seguran\u00e7a ao BC&#8221;, frisa.<\/p>\n<p>&nbsp;<\/p>\n<p><i>Brad\u00edlia, 16h10min<\/i><\/p>\n","protected":false},"excerpt":{"rendered":"<p>Em conversa com o Blog, um dos principais banqueiros do pa\u00eds diz que o governo deve dar toda prioridade para a aprova\u00e7\u00e3o da Proposta de Emenda \u00e0 Constitui\u00e7\u00e3o (PEC) que limita o aumento de gastos a infla\u00e7\u00e3o do ano anterior a fim de consolidar a retomada da confian\u00e7a na economia. &nbsp; Para ele, o Pal\u00e1cio [&hellip;]<\/p>\n","protected":false},"author":22,"featured_media":0,"comment_status":"open","ping_status":"closed","sticky":false,"template":"","format":"standard","meta":{"footnotes":""},"categories":[600],"tags":[1181,802,14,4,204,933],"class_list":["post-3009","post","type-post","status-publish","format-standard","hentry","category-economia","tag-banqueiro","tag-gastos","tag-inflacao","tag-juros","tag-pec","tag-reforma-da-previdencia"],"_links":{"self":[{"href":"https:\/\/blogs.correiobraziliense.com.br\/vicente\/wp-json\/wp\/v2\/posts\/3009","targetHints":{"allow":["GET"]}}],"collection":[{"href":"https:\/\/blogs.correiobraziliense.com.br\/vicente\/wp-json\/wp\/v2\/posts"}],"about":[{"href":"https:\/\/blogs.correiobraziliense.com.br\/vicente\/wp-json\/wp\/v2\/types\/post"}],"author":[{"embeddable":true,"href":"https:\/\/blogs.correiobraziliense.com.br\/vicente\/wp-json\/wp\/v2\/users\/22"}],"replies":[{"embeddable":true,"href":"https:\/\/blogs.correiobraziliense.com.br\/vicente\/wp-json\/wp\/v2\/comments?post=3009"}],"version-history":[{"count":4,"href":"https:\/\/blogs.correiobraziliense.com.br\/vicente\/wp-json\/wp\/v2\/posts\/3009\/revisions"}],"predecessor-version":[{"id":3013,"href":"https:\/\/blogs.correiobraziliense.com.br\/vicente\/wp-json\/wp\/v2\/posts\/3009\/revisions\/3013"}],"wp:attachment":[{"href":"https:\/\/blogs.correiobraziliense.com.br\/vicente\/wp-json\/wp\/v2\/media?parent=3009"}],"wp:term":[{"taxonomy":"category","embeddable":true,"href":"https:\/\/blogs.correiobraziliense.com.br\/vicente\/wp-json\/wp\/v2\/categories?post=3009"},{"taxonomy":"post_tag","embeddable":true,"href":"https:\/\/blogs.correiobraziliense.com.br\/vicente\/wp-json\/wp\/v2\/tags?post=3009"}],"curies":[{"name":"wp","href":"https:\/\/api.w.org\/{rel}","templated":true}]}}