{"id":3004,"date":"2016-09-02T12:08:31","date_gmt":"2016-09-02T15:08:31","guid":{"rendered":"https:\/\/blogs.correiobraziliense.com.br\/vicente\/?p=3004"},"modified":"2016-09-02T00:16:45","modified_gmt":"2016-09-02T03:16:45","slug":"quer-saber-se-este-e-um-bom-momento-para-comprar-casa-propria-assista-ao-economia-no-sofa","status":"publish","type":"post","link":"https:\/\/blogs.correiobraziliense.com.br\/vicente\/quer-saber-se-este-e-um-bom-momento-para-comprar-casa-propria-assista-ao-economia-no-sofa\/","title":{"rendered":"Quer saber se este \u00e9 um bom momento para comprar a casa pr\u00f3pria? Assista ao Economia no sof\u00e1"},"content":{"rendered":"<p>O programa Economia no sof\u00e1 desta semana est\u00e1 imperd\u00edvel. Sobretudo para aqueles que desejam comprar a t\u00e3o sonhada casa pr\u00f3pria.<\/p>\n<p>&nbsp;<\/p>\n<p>Veja, tamb\u00e9m, dicas para planejar a viagem de fim de ano e entenda porque a caderneta de poupan\u00e7a deixou de ser um bom investimento.<\/p>\n<p>&nbsp;<\/p>\n<p>D\u00favidas, cr\u00edticas, sugest\u00f5es? Mande para economisanosofa@gmail.com. Inscreva-se no nosso canal no YouTube.<\/p>\n<p>&nbsp;<\/p>\n<p><iframe loading=\"lazy\" title=\"Economia no Sof\u00e1 #5\" width=\"1440\" height=\"810\" src=\"https:\/\/www.youtube.com\/embed\/F7sbgW_NZF0?feature=oembed\" frameborder=\"0\" allow=\"accelerometer; autoplay; clipboard-write; encrypted-media; gyroscope; picture-in-picture; web-share\" referrerpolicy=\"strict-origin-when-cross-origin\" allowfullscreen><\/iframe><\/p>\n<p>&nbsp;<\/p>\n<p>Bom programa.<\/p>\n","protected":false},"excerpt":{"rendered":"<p>O programa Economia no sof\u00e1 desta semana est\u00e1 imperd\u00edvel. Sobretudo para aqueles que desejam comprar a t\u00e3o sonhada casa pr\u00f3pria. &nbsp; Veja, tamb\u00e9m, dicas para planejar a viagem de fim de ano e entenda porque a caderneta de poupan\u00e7a deixou de ser um bom investimento. &nbsp; D\u00favidas, cr\u00edticas, sugest\u00f5es? Mande para economisanosofa@gmail.com. Inscreva-se no nosso [&hellip;]<\/p>\n","protected":false},"author":22,"featured_media":0,"comment_status":"open","ping_status":"closed","sticky":false,"template":"","format":"standard","meta":{"footnotes":""},"categories":[600],"tags":[163,1176,959,1179,965,1178,961,1177,291],"class_list":["post-3004","post","type-post","status-publish","format-standard","hentry","category-economia","tag-caderneta-de-poupanca","tag-casa-propria","tag-economia-no-sofa","tag-giza-soares","tag-marlla-sabino","tag-regina-pires","tag-rosana-hessel","tag-viagens-de-fim-de-ano","tag-vicente-nunes"],"_links":{"self":[{"href":"https:\/\/blogs.correiobraziliense.com.br\/vicente\/wp-json\/wp\/v2\/posts\/3004","targetHints":{"allow":["GET"]}}],"collection":[{"href":"https:\/\/blogs.correiobraziliense.com.br\/vicente\/wp-json\/wp\/v2\/posts"}],"about":[{"href":"https:\/\/blogs.correiobraziliense.com.br\/vicente\/wp-json\/wp\/v2\/types\/post"}],"author":[{"embeddable":true,"href":"https:\/\/blogs.correiobraziliense.com.br\/vicente\/wp-json\/wp\/v2\/users\/22"}],"replies":[{"embeddable":true,"href":"https:\/\/blogs.correiobraziliense.com.br\/vicente\/wp-json\/wp\/v2\/comments?post=3004"}],"version-history":[{"count":1,"href":"https:\/\/blogs.correiobraziliense.com.br\/vicente\/wp-json\/wp\/v2\/posts\/3004\/revisions"}],"predecessor-version":[{"id":3005,"href":"https:\/\/blogs.correiobraziliense.com.br\/vicente\/wp-json\/wp\/v2\/posts\/3004\/revisions\/3005"}],"wp:attachment":[{"href":"https:\/\/blogs.correiobraziliense.com.br\/vicente\/wp-json\/wp\/v2\/media?parent=3004"}],"wp:term":[{"taxonomy":"category","embeddable":true,"href":"https:\/\/blogs.correiobraziliense.com.br\/vicente\/wp-json\/wp\/v2\/categories?post=3004"},{"taxonomy":"post_tag","embeddable":true,"href":"https:\/\/blogs.correiobraziliense.com.br\/vicente\/wp-json\/wp\/v2\/tags?post=3004"}],"curies":[{"name":"wp","href":"https:\/\/api.w.org\/{rel}","templated":true}]}}