{"id":3002,"date":"2016-09-02T00:05:27","date_gmt":"2016-09-02T03:05:27","guid":{"rendered":"https:\/\/blogs.correiobraziliense.com.br\/vicente\/?p=3002"},"modified":"2016-09-02T00:06:52","modified_gmt":"2016-09-02T03:06:52","slug":"com-correcao-de-apenas-5-na-tabela-do-ir-e-2017-trabalhador-que-ganhar-mais-de-r-2-2-mil-pagara-imposto","status":"publish","type":"post","link":"https:\/\/blogs.correiobraziliense.com.br\/vicente\/com-correcao-de-apenas-5-na-tabela-do-ir-e-2017-trabalhador-que-ganhar-mais-de-r-2-2-mil-pagara-imposto\/","title":{"rendered":"Com corre\u00e7\u00e3o de apenas 5% na tabela do IR em 2017, trabalhador que ganhar mais de R$ 2,2 mil pagar\u00e1 imposto"},"content":{"rendered":"<p>Com os cofres vazios, o governo de Michel Temer decidiu avan\u00e7ar com tudo sobre os contracheques dos trabalhadores. A partir de 2017, com a corre\u00e7\u00e3o de apenas 5% na tabela do Imposto de Renda, aqueles que ganharem a partir de R$ 2,2 mil ser\u00e3o garfados pela Receita Federal.<\/p>\n<p>&nbsp;<\/p>\n<p>Al\u00e9m da corre\u00e7\u00e3o da tabela do IR abaixo da infla\u00e7\u00e3o, o aumento do m\u00ednimo para R$ 945,80 a partir de janeiro do ano que vem jogar\u00e1 um n\u00famero maior de trabalhadores nas garras do Le\u00e3o. Infelizmente, n\u00e3o haver\u00e1 escapat\u00f3ria.<\/p>\n<p>&nbsp;<\/p>\n<p>Temer est\u00e1 repetindo a estrat\u00e9gia usada pelos governos anteriores, que optaram pela defasagem da tabela do IR. A cada ano, pelo menos 500 mil trabalhadores entram na mira da Receita.<\/p>\n<p>&nbsp;<\/p>\n<p><em>Bras\u00edlia, 00h05min<\/em><\/p>\n","protected":false},"excerpt":{"rendered":"<p>Com os cofres vazios, o governo de Michel Temer decidiu avan\u00e7ar com tudo sobre os contracheques dos trabalhadores. A partir de 2017, com a corre\u00e7\u00e3o de apenas 5% na tabela do Imposto de Renda, aqueles que ganharem a partir de R$ 2,2 mil ser\u00e3o garfados pela Receita Federal. &nbsp; Al\u00e9m da corre\u00e7\u00e3o da tabela do [&hellip;]<\/p>\n","protected":false},"author":22,"featured_media":0,"comment_status":"open","ping_status":"closed","sticky":false,"template":"","format":"standard","meta":{"footnotes":""},"categories":[600],"tags":[1175,1164,808,14,878,1027,810],"class_list":["post-3002","post","type-post","status-publish","format-standard","hentry","category-economia","tag-2-mil","tag-correcao","tag-imposto-de-renda","tag-inflacao","tag-r-2","tag-tabela","tag-trabalhadores"],"_links":{"self":[{"href":"https:\/\/blogs.correiobraziliense.com.br\/vicente\/wp-json\/wp\/v2\/posts\/3002","targetHints":{"allow":["GET"]}}],"collection":[{"href":"https:\/\/blogs.correiobraziliense.com.br\/vicente\/wp-json\/wp\/v2\/posts"}],"about":[{"href":"https:\/\/blogs.correiobraziliense.com.br\/vicente\/wp-json\/wp\/v2\/types\/post"}],"author":[{"embeddable":true,"href":"https:\/\/blogs.correiobraziliense.com.br\/vicente\/wp-json\/wp\/v2\/users\/22"}],"replies":[{"embeddable":true,"href":"https:\/\/blogs.correiobraziliense.com.br\/vicente\/wp-json\/wp\/v2\/comments?post=3002"}],"version-history":[{"count":1,"href":"https:\/\/blogs.correiobraziliense.com.br\/vicente\/wp-json\/wp\/v2\/posts\/3002\/revisions"}],"predecessor-version":[{"id":3003,"href":"https:\/\/blogs.correiobraziliense.com.br\/vicente\/wp-json\/wp\/v2\/posts\/3002\/revisions\/3003"}],"wp:attachment":[{"href":"https:\/\/blogs.correiobraziliense.com.br\/vicente\/wp-json\/wp\/v2\/media?parent=3002"}],"wp:term":[{"taxonomy":"category","embeddable":true,"href":"https:\/\/blogs.correiobraziliense.com.br\/vicente\/wp-json\/wp\/v2\/categories?post=3002"},{"taxonomy":"post_tag","embeddable":true,"href":"https:\/\/blogs.correiobraziliense.com.br\/vicente\/wp-json\/wp\/v2\/tags?post=3002"}],"curies":[{"name":"wp","href":"https:\/\/api.w.org\/{rel}","templated":true}]}}