{"id":300,"date":"2015-11-29T23:17:00","date_gmt":"2015-11-30T01:17:00","guid":{"rendered":"https:\/\/blogs.correiobraziliense.com.br\/vicente\/?p=300"},"modified":"2015-11-29T23:55:29","modified_gmt":"2015-11-30T01:55:29","slug":"bc-reforca-grupo-de-fiscais-para-monitorar-btg-pactual","status":"publish","type":"post","link":"https:\/\/blogs.correiobraziliense.com.br\/vicente\/bc-reforca-grupo-de-fiscais-para-monitorar-btg-pactual\/","title":{"rendered":"BC REFOR\u00c7A GRUPO DE FISCAIS PARA MONITORAR BTG PACTUAL"},"content":{"rendered":"<p>O Banco Central escalou um grupo de t\u00e9cnicos para acompanhar as movimenta\u00e7\u00f5es do Banco BTG Pactual, de Andr\u00e9 Esteves, que agora ficar\u00e1 preso por tempo indeterminado. H\u00e1 uma grande preocupa\u00e7\u00e3o entre integrantes da autoridade monet\u00e1ria com o que pode ocorrer na institui\u00e7\u00e3o enredada pela opera\u00e7\u00e3o Lava-Jato.<\/p>\n<p>&nbsp;<\/p>\n<p>Desde a semana passada, o BTG Pactual vem registrando saques maci\u00e7os. At\u00e9 a sexta-feira, evaporaram quase R$ 4,5 bilh\u00f5es. O BC teme que, com a reabertura dos mercados hoje, sobretudo os dos Estados Unidos, que v\u00eam de um feriado prolongado, as retiradas se acelerem.<\/p>\n<p>&nbsp;<\/p>\n<p>Nem mesmo a venda dos 12% que o BTG tem na Rede D&#8217;Or, por quase R$ 2,5 bilh\u00f5es ao fundo soberano GIC, de Cingapura, ser\u00e1 suficiente para acalmar os \u00e2nimos. Andr\u00e9 Esteves renunciou hoje \u00e0s presid\u00eancias executiva e do Conselho de Administra\u00e7\u00e3o do banco.<\/p>\n<p>&nbsp;<\/p>\n<p>N\u00e3o ser\u00e1 surpresa se, diante do agravamento da situa\u00e7\u00e3o do BTG Pactual, o BC obrigar Andr\u00e9 Esteves a vender sua participa\u00e7\u00e3o no banco. Por lei, a autoridade monet\u00e1ria n\u00e3o pode aceitar que pessoas consideradas inid\u00f4neas fa\u00e7am parte do controle de institui\u00e7\u00f5es financeiras. Mesmo ainda n\u00e3o sendo condenado oficialmente, Esteves j\u00e1\u00a0 est\u00e1 sendo visto como p\u00e1ria pelo sistema.<\/p>\n<p>&nbsp;<\/p>\n<p><em>Bras\u00edlia, 23,16min<\/em><\/p>\n","protected":false},"excerpt":{"rendered":"<p>O Banco Central escalou um grupo de t\u00e9cnicos para acompanhar as movimenta\u00e7\u00f5es do Banco BTG Pactual, de Andr\u00e9 Esteves, que agora ficar\u00e1 preso por tempo indeterminado. H\u00e1 uma grande preocupa\u00e7\u00e3o entre integrantes da autoridade monet\u00e1ria com o que pode ocorrer na institui\u00e7\u00e3o enredada pela opera\u00e7\u00e3o Lava-Jato. &nbsp; Desde a semana passada, o BTG Pactual vem [&hellip;]<\/p>\n","protected":false},"author":22,"featured_media":0,"comment_status":"open","ping_status":"closed","sticky":false,"template":"","format":"standard","meta":{"footnotes":""},"categories":[1],"tags":[52,3,53,54,55],"class_list":["post-300","post","type-post","status-publish","format-standard","hentry","category-sem-categoria","tag-andre-esteves","tag-banco-central","tag-btg-pactual","tag-saques","tag-temor"],"_links":{"self":[{"href":"https:\/\/blogs.correiobraziliense.com.br\/vicente\/wp-json\/wp\/v2\/posts\/300","targetHints":{"allow":["GET"]}}],"collection":[{"href":"https:\/\/blogs.correiobraziliense.com.br\/vicente\/wp-json\/wp\/v2\/posts"}],"about":[{"href":"https:\/\/blogs.correiobraziliense.com.br\/vicente\/wp-json\/wp\/v2\/types\/post"}],"author":[{"embeddable":true,"href":"https:\/\/blogs.correiobraziliense.com.br\/vicente\/wp-json\/wp\/v2\/users\/22"}],"replies":[{"embeddable":true,"href":"https:\/\/blogs.correiobraziliense.com.br\/vicente\/wp-json\/wp\/v2\/comments?post=300"}],"version-history":[{"count":3,"href":"https:\/\/blogs.correiobraziliense.com.br\/vicente\/wp-json\/wp\/v2\/posts\/300\/revisions"}],"predecessor-version":[{"id":303,"href":"https:\/\/blogs.correiobraziliense.com.br\/vicente\/wp-json\/wp\/v2\/posts\/300\/revisions\/303"}],"wp:attachment":[{"href":"https:\/\/blogs.correiobraziliense.com.br\/vicente\/wp-json\/wp\/v2\/media?parent=300"}],"wp:term":[{"taxonomy":"category","embeddable":true,"href":"https:\/\/blogs.correiobraziliense.com.br\/vicente\/wp-json\/wp\/v2\/categories?post=300"},{"taxonomy":"post_tag","embeddable":true,"href":"https:\/\/blogs.correiobraziliense.com.br\/vicente\/wp-json\/wp\/v2\/tags?post=300"}],"curies":[{"name":"wp","href":"https:\/\/api.w.org\/{rel}","templated":true}]}}