{"id":2997,"date":"2016-09-01T19:10:21","date_gmt":"2016-09-01T22:10:21","guid":{"rendered":"https:\/\/blogs.correiobraziliense.com.br\/vicente\/?p=2997"},"modified":"2016-09-01T21:15:33","modified_gmt":"2016-09-02T00:15:33","slug":"padilha-diz-que-aumento-de-salarios-de-ministros-do-stf-nao-e-importante-neste-momento","status":"publish","type":"post","link":"https:\/\/blogs.correiobraziliense.com.br\/vicente\/padilha-diz-que-aumento-de-salarios-de-ministros-do-stf-nao-e-importante-neste-momento\/","title":{"rendered":"Padilha diz que aumento de sal\u00e1rios de ministros do STF n\u00e3o \u00e9 importante neste momento"},"content":{"rendered":"<p>Apesar de o PMDB defender, abertamente, o aumento de sal\u00e1rios dos ministros do Supremo Tribunal Federal (STF), que s\u00f3 depende do aval do Senado, o ministro da Casa Civil, Eliseu Padilha, diz que &#8220;h\u00e1 coisas mais importantes para o Congresso aprovar&#8221;.<\/p>\n<p>&nbsp;<\/p>\n<p>Segundo ele, os parlamentares precisam entender a urg\u00eancia do momento, que exige responsabilidade fiscal. E isso passa pela aprova\u00e7\u00e3o, ainda neste ano, da Proposta de Emenda \u00e0 Constitui\u00e7\u00e3o (PEC) que limita o aumento dos gastos p\u00fablicos \u00e0 infla\u00e7\u00e3o do ano anterior, e do andamento da reforma da Previd\u00eancia Social.<\/p>\n<p>&nbsp;<\/p>\n<p>Na avalia\u00e7\u00e3o do ministro, o Congresso tem que dar uma boa sinaliza\u00e7\u00e3o aos investidores, que cobram o ajuste fiscal. &#8220;Eles querem ter seguran\u00e7a de que a economia ser\u00e1 administrada de forma respons\u00e1vel, al\u00e9m de seguran\u00e7a jur\u00eddica e constitucional&#8221;, frisa.<\/p>\n<p>&nbsp;<\/p>\n<p>Se aprovado, o reajuste dos sal\u00e1rios dos ministros do Supremo elevar\u00e1 o teto do funcionalismo, al\u00e9m de provocar efeito cascata nas contas de estados e munic\u00edpios, muitos dos quais est\u00e3o quebrados. O aumento da remunera\u00e7\u00e3o na mais alta Corte do pa\u00eds est\u00e1 previsto no projeto de Or\u00e7amento de 2017 enviado ao Congresso pelo governo.<\/p>\n<p>&nbsp;<\/p>\n<p><em>Bras\u00edlia, 19h10min<\/em><\/p>\n","protected":false},"excerpt":{"rendered":"<p>Apesar de o PMDB defender, abertamente, o aumento de sal\u00e1rios dos ministros do Supremo Tribunal Federal (STF), que s\u00f3 depende do aval do Senado, o ministro da Casa Civil, Eliseu Padilha, diz que &#8220;h\u00e1 coisas mais importantes para o Congresso aprovar&#8221;. &nbsp; Segundo ele, os parlamentares precisam entender a urg\u00eancia do momento, que exige responsabilidade [&hellip;]<\/p>\n","protected":false},"author":22,"featured_media":0,"comment_status":"open","ping_status":"closed","sticky":false,"template":"","format":"standard","meta":{"footnotes":""},"categories":[600],"tags":[254,564,1174,153,264,122,39],"class_list":["post-2997","post","type-post","status-publish","format-standard","hentry","category-economia","tag-congresso","tag-eliseu-padilha","tag-nao-e-importante","tag-pmdb","tag-reajuste","tag-salarios","tag-supremo-tribunal-federal"],"_links":{"self":[{"href":"https:\/\/blogs.correiobraziliense.com.br\/vicente\/wp-json\/wp\/v2\/posts\/2997","targetHints":{"allow":["GET"]}}],"collection":[{"href":"https:\/\/blogs.correiobraziliense.com.br\/vicente\/wp-json\/wp\/v2\/posts"}],"about":[{"href":"https:\/\/blogs.correiobraziliense.com.br\/vicente\/wp-json\/wp\/v2\/types\/post"}],"author":[{"embeddable":true,"href":"https:\/\/blogs.correiobraziliense.com.br\/vicente\/wp-json\/wp\/v2\/users\/22"}],"replies":[{"embeddable":true,"href":"https:\/\/blogs.correiobraziliense.com.br\/vicente\/wp-json\/wp\/v2\/comments?post=2997"}],"version-history":[{"count":4,"href":"https:\/\/blogs.correiobraziliense.com.br\/vicente\/wp-json\/wp\/v2\/posts\/2997\/revisions"}],"predecessor-version":[{"id":3001,"href":"https:\/\/blogs.correiobraziliense.com.br\/vicente\/wp-json\/wp\/v2\/posts\/2997\/revisions\/3001"}],"wp:attachment":[{"href":"https:\/\/blogs.correiobraziliense.com.br\/vicente\/wp-json\/wp\/v2\/media?parent=2997"}],"wp:term":[{"taxonomy":"category","embeddable":true,"href":"https:\/\/blogs.correiobraziliense.com.br\/vicente\/wp-json\/wp\/v2\/categories?post=2997"},{"taxonomy":"post_tag","embeddable":true,"href":"https:\/\/blogs.correiobraziliense.com.br\/vicente\/wp-json\/wp\/v2\/tags?post=2997"}],"curies":[{"name":"wp","href":"https:\/\/api.w.org\/{rel}","templated":true}]}}