{"id":2991,"date":"2016-09-01T13:30:31","date_gmt":"2016-09-01T16:30:31","guid":{"rendered":"https:\/\/blogs.correiobraziliense.com.br\/vicente\/?p=2991"},"modified":"2016-09-01T17:28:19","modified_gmt":"2016-09-01T20:28:19","slug":"folha-de-salarios-de-servidores-chegara-r-284-bilhoes-em-2017-aumento-de-91","status":"publish","type":"post","link":"https:\/\/blogs.correiobraziliense.com.br\/vicente\/folha-de-salarios-de-servidores-chegara-r-284-bilhoes-em-2017-aumento-de-91\/","title":{"rendered":"Folha de sal\u00e1rios de servidores chegar\u00e1 a R$ 284 bilh\u00f5es em 2017, aumento de 9,1%"},"content":{"rendered":"<p>ROSANA HESSEL E HAMILTON FERRARI<\/p>\n<p>&nbsp;<\/p>\n<p>A proposta do Or\u00e7amento da Uni\u00e3o para 2017 prev\u00ea despesa com pessoal de R$ 284 bilh\u00f5es, 9,1% a mais do que o valor gasto neste ano (R$ 260 bilh\u00f5es). O aumento previsto da folha \u00e9 representa quase o dobro da infla\u00e7\u00e3o projetada pelo governo, de 4,8%. O projeto enviado ao Congresso reserva R$ 17,1 bilh\u00f5es para reajustes salariais, sendo R$ 15,9 bilh\u00f5es para os funcion\u00e1rios do Executivo e R$ 1,2 bilh\u00e3o para os demais poderes, a\u00ed inclu\u00eddos R$ 700 milh\u00f5es para os ministros do Supremo Tribunal Federal (STF).<\/p>\n<p>&nbsp;<\/p>\n<p>O ministro interino do Planejamento, Dyogo Oliveira, minimiza o impacto dos reajustes dos servidores no Or\u00e7amento de 2017. \u201cO governo n\u00e3o pode quebrar contratos com os representantes sindicais e vai honrar os acordos salariais firmados nos \u00faltimos meses\u201d, diz.<\/p>\n<p>&nbsp;<\/p>\n<p>Segundo Newton Marques, professor da Universidade de Bras\u00edlia (UnB), o governo cedeu demais ao funcionalismo. O reajuste do Judici\u00e1rio, por exemplo, desencadear\u00e1 aumentos em cascata no setor p\u00fablico. \u201cJ\u00e1 se tem um deficit gigantesco neste ano, de R$ 170,5 bilh\u00f5es. Para aparentar que dar\u00e1 conta dos aumentos, o Executivo deve ter inflado a estimativa de receita\u201d, afirma.<\/p>\n<p>&nbsp;<\/p>\n<p>Na avalia\u00e7\u00e3o de Marques, mesmo com uma base maior no Congresso Nacional do que a da ex-presidente Dilma Rousseff, o presidente Michel Temer pode n\u00e3o ter o apoio necess\u00e1rio para aprovar as pautas do ajuste fiscal. \u201cPossivelmente, essas corre\u00e7\u00f5es salariais gerar\u00e3o problemas para a administra\u00e7\u00e3o. Se n\u00e3o houver receitas suficientes, podemos ter aumento de impostos\u201d, diz.<\/p>\n<p>&nbsp;<\/p>\n<p>Jos\u00e9 Matias-Pereira, professor de finan\u00e7as p\u00fablicas da UnB, observa que. mesmo com a atividade econ\u00f4mica em queda, a despesa continua subindo, e de forma r\u00e1pida. \u201cEsses dados refor\u00e7am que chegou a hora de se fazer reformas efetivas para mudar o rumo dos gastos p\u00fablicos, principalmente para os servidores, que precisam ceder para contribuir para esse processo\u201d, frisa.<\/p>\n<p>&nbsp;<\/p>\n<p><em>Bras\u00edlia, 13h30min<\/em><\/p>\n","protected":false},"excerpt":{"rendered":"<p>ROSANA HESSEL E HAMILTON FERRARI &nbsp; A proposta do Or\u00e7amento da Uni\u00e3o para 2017 prev\u00ea despesa com pessoal de R$ 284 bilh\u00f5es, 9,1% a mais do que o valor gasto neste ano (R$ 260 bilh\u00f5es). O aumento previsto da folha \u00e9 representa quase o dobro da infla\u00e7\u00e3o projetada pelo governo, de 4,8%. O projeto enviado [&hellip;]<\/p>\n","protected":false},"author":22,"featured_media":0,"comment_status":"open","ping_status":"closed","sticky":false,"template":"","format":"standard","meta":{"footnotes":""},"categories":[600],"tags":[561,1170,1171,124,123,39],"class_list":["post-2991","post","type-post","status-publish","format-standard","hentry","category-economia","tag-561","tag-folha-de-salarios","tag-r-284-bilhoes","tag-reajustes","tag-servidores","tag-supremo-tribunal-federal"],"_links":{"self":[{"href":"https:\/\/blogs.correiobraziliense.com.br\/vicente\/wp-json\/wp\/v2\/posts\/2991","targetHints":{"allow":["GET"]}}],"collection":[{"href":"https:\/\/blogs.correiobraziliense.com.br\/vicente\/wp-json\/wp\/v2\/posts"}],"about":[{"href":"https:\/\/blogs.correiobraziliense.com.br\/vicente\/wp-json\/wp\/v2\/types\/post"}],"author":[{"embeddable":true,"href":"https:\/\/blogs.correiobraziliense.com.br\/vicente\/wp-json\/wp\/v2\/users\/22"}],"replies":[{"embeddable":true,"href":"https:\/\/blogs.correiobraziliense.com.br\/vicente\/wp-json\/wp\/v2\/comments?post=2991"}],"version-history":[{"count":1,"href":"https:\/\/blogs.correiobraziliense.com.br\/vicente\/wp-json\/wp\/v2\/posts\/2991\/revisions"}],"predecessor-version":[{"id":2992,"href":"https:\/\/blogs.correiobraziliense.com.br\/vicente\/wp-json\/wp\/v2\/posts\/2991\/revisions\/2992"}],"wp:attachment":[{"href":"https:\/\/blogs.correiobraziliense.com.br\/vicente\/wp-json\/wp\/v2\/media?parent=2991"}],"wp:term":[{"taxonomy":"category","embeddable":true,"href":"https:\/\/blogs.correiobraziliense.com.br\/vicente\/wp-json\/wp\/v2\/categories?post=2991"},{"taxonomy":"post_tag","embeddable":true,"href":"https:\/\/blogs.correiobraziliense.com.br\/vicente\/wp-json\/wp\/v2\/tags?post=2991"}],"curies":[{"name":"wp","href":"https:\/\/api.w.org\/{rel}","templated":true}]}}