{"id":2985,"date":"2016-09-01T08:10:05","date_gmt":"2016-09-01T11:10:05","guid":{"rendered":"https:\/\/blogs.correiobraziliense.com.br\/vicente\/?p=2985"},"modified":"2016-09-01T11:52:28","modified_gmt":"2016-09-01T14:52:28","slug":"tabela-do-imposto-de-renda-sera-corrigida-em-5-em-2017","status":"publish","type":"post","link":"https:\/\/blogs.correiobraziliense.com.br\/vicente\/tabela-do-imposto-de-renda-sera-corrigida-em-5-em-2017\/","title":{"rendered":"Tabela do Imposto de Renda ser\u00e1 corrigida em 5% em 2017"},"content":{"rendered":"<p>O governo decidiu corrigir a tabela do Imposto de Renda em 5% em 2017, conforme projeto de Or\u00e7amento enviado ao Congresso Nacional. Mais uma vez, a atualiza\u00e7\u00e3o ficar\u00e1 abaixo da infla\u00e7\u00e3o.<\/p>\n<p>&nbsp;<\/p>\n<p>Pelas proje\u00e7\u00f5es do pr\u00f3prio governo, a infla\u00e7\u00e3o de 2016 deve ficar em 7,2%. Portanto, esse deveria ser o \u00edndice de corre\u00e7\u00e3o da tabela.<\/p>\n<p>&nbsp;<\/p>\n<p>Mas, para n\u00e3o abrir m\u00e3o de receitas, o Pal\u00e1cio do Planalto decidiu manter a pol\u00edtica que prevaleceu nas administra\u00e7\u00f5es anteriores, de atualizar a tabela do IR abaixo da infla\u00e7\u00e3o.<\/p>\n<p>&nbsp;<\/p>\n<p>Com isso, os trabalhadores pagar\u00e3o mais impostos do que deveriam, se a tabela fosse atualizada integralmente pelo custo de vida.<\/p>\n<p>&nbsp;<\/p>\n<p><em>Bras\u00edlia, 08h10min<\/em><\/p>\n","protected":false},"excerpt":{"rendered":"<p>O governo decidiu corrigir a tabela do Imposto de Renda em 5% em 2017, conforme projeto de Or\u00e7amento enviado ao Congresso Nacional. Mais uma vez, a atualiza\u00e7\u00e3o ficar\u00e1 abaixo da infla\u00e7\u00e3o. &nbsp; Pelas proje\u00e7\u00f5es do pr\u00f3prio governo, a infla\u00e7\u00e3o de 2016 deve ficar em 7,2%. Portanto, esse deveria ser o \u00edndice de corre\u00e7\u00e3o da tabela. [&hellip;]<\/p>\n","protected":false},"author":22,"featured_media":0,"comment_status":"open","ping_status":"closed","sticky":false,"template":"","format":"standard","meta":{"footnotes":""},"categories":[600],"tags":[561,1154,1164,14,1163,1027],"class_list":["post-2985","post","type-post","status-publish","format-standard","hentry","category-economia","tag-561","tag-1154","tag-correcao","tag-inflacao","tag-ir","tag-tabela"],"_links":{"self":[{"href":"https:\/\/blogs.correiobraziliense.com.br\/vicente\/wp-json\/wp\/v2\/posts\/2985","targetHints":{"allow":["GET"]}}],"collection":[{"href":"https:\/\/blogs.correiobraziliense.com.br\/vicente\/wp-json\/wp\/v2\/posts"}],"about":[{"href":"https:\/\/blogs.correiobraziliense.com.br\/vicente\/wp-json\/wp\/v2\/types\/post"}],"author":[{"embeddable":true,"href":"https:\/\/blogs.correiobraziliense.com.br\/vicente\/wp-json\/wp\/v2\/users\/22"}],"replies":[{"embeddable":true,"href":"https:\/\/blogs.correiobraziliense.com.br\/vicente\/wp-json\/wp\/v2\/comments?post=2985"}],"version-history":[{"count":3,"href":"https:\/\/blogs.correiobraziliense.com.br\/vicente\/wp-json\/wp\/v2\/posts\/2985\/revisions"}],"predecessor-version":[{"id":2988,"href":"https:\/\/blogs.correiobraziliense.com.br\/vicente\/wp-json\/wp\/v2\/posts\/2985\/revisions\/2988"}],"wp:attachment":[{"href":"https:\/\/blogs.correiobraziliense.com.br\/vicente\/wp-json\/wp\/v2\/media?parent=2985"}],"wp:term":[{"taxonomy":"category","embeddable":true,"href":"https:\/\/blogs.correiobraziliense.com.br\/vicente\/wp-json\/wp\/v2\/categories?post=2985"},{"taxonomy":"post_tag","embeddable":true,"href":"https:\/\/blogs.correiobraziliense.com.br\/vicente\/wp-json\/wp\/v2\/tags?post=2985"}],"curies":[{"name":"wp","href":"https:\/\/api.w.org\/{rel}","templated":true}]}}