{"id":2979,"date":"2016-08-31T20:04:23","date_gmt":"2016-08-31T23:04:23","guid":{"rendered":"https:\/\/blogs.correiobraziliense.com.br\/vicente\/?p=2979"},"modified":"2016-08-31T22:29:50","modified_gmt":"2016-09-01T01:29:50","slug":"banco-central-abre-as-portas-para-queda-dos-juros-ja-em-outubro","status":"publish","type":"post","link":"https:\/\/blogs.correiobraziliense.com.br\/vicente\/banco-central-abre-as-portas-para-queda-dos-juros-ja-em-outubro\/","title":{"rendered":"Banco Central abre as portas para queda dos juros j\u00e1 em outubro"},"content":{"rendered":"<p>De 15 institui\u00e7\u00f5es financeiras consultadas pelo <strong>Blog<\/strong>, 12 admitem que o Banco Central pode dar in\u00edcio ao processo de corte da taxa b\u00e1sica de juros (Selic) a partir de outubro. Ainda que essa possibilidade n\u00e3o esteja no cen\u00e1rio principal tra\u00e7ado por esses agentes, o discurso \u00e9 de que o BC de Ilan Goldfajn ficou mais &#8220;dovish&#8221; e j\u00e1 est\u00e1 preparando o mercado para a mudan\u00e7a na pol\u00edtica monet\u00e1ria.<\/p>\n<p>&nbsp;<\/p>\n<p>Essa percep\u00e7\u00e3o ganhou for\u00e7a diante da mudan\u00e7a no comunicado p\u00f3s-reuni\u00e3o do Comit\u00ea de Pol\u00edtica Monet\u00e1ria (Copom). No documento de julho, da primeira reuni\u00e3o com o time comandado por Ilan, havia um trecho no qual o BC dizia trecho &#8220;n\u00e3o haver espa\u00e7o para a flexibiliza\u00e7\u00e3o da pol\u00edtica monet\u00e1ria&#8221;. Era uma posi\u00e7\u00e3o &#8220;hawkish&#8221;. No informe liberado hoje, essa ressalva desapareceu.<\/p>\n<p>&nbsp;<\/p>\n<p>Para os analistas, a linha mais dura adotada no discurso de julho era justificada pela necessidade do Banco Central de passar um posicionamento duro a fim de reconstruir sua reputa\u00e7\u00e3o em meio a um governo interino. Agora, com Michel Temer confirmado na Presid\u00eancia da Rep\u00fablica e a confian\u00e7a de que o ajuste fiscal passar\u00e1 do discurso para a pr\u00e1tica, Ilan e subordinados se sentem mais confort\u00e1veis para sinalizar cortes na Selic, mantida hoje, pela nona vez seguida, em 14,25% ao ano.<\/p>\n<p>&nbsp;<\/p>\n<p>No cen\u00e1rio principal das 15 institui\u00e7\u00f5es, os juros cair\u00e3o a partir de novembro. Essa aposta se baseia na perda de for\u00e7a da infla\u00e7\u00e3o. O BC acredita que as chances de o \u00cdndice de Pre\u00e7os ao Consumidor Amplo (IPCA) ficar mais pr\u00f3ximo de 4,5% em 2017 aumentaram muito.<\/p>\n<p>&nbsp;<\/p>\n<p>A diretoria de Ilan, no entanto, se desdobrar\u00e1 para manter de p\u00e9 o discurso de que n\u00e3o h\u00e1 prazo para a Selic cair. Resta saber se vai conseguir, uma vez que n\u00e3o falta vontade no BC para baixar os juros.<\/p>\n<p>&nbsp;<\/p>\n<p>N\u00e3o custa lembrar que, na linguagem de mercado, &#8220;dovish&#8221; quer dizer pombo. \u00c9 a refer\u00eancia para um BC mais flex\u00edvel. Antes de assumir o comando da autoridade monet\u00e1ria, Ilan se encaixava nessa linha. &#8220;Hawkish&#8221; aponta para um BC bem mais duro no combate \u00e0 infla\u00e7\u00e3o.<\/p>\n<p>&nbsp;<\/p>\n<p><em>Bras\u00edlia, 20h04min<\/em><\/p>\n","protected":false},"excerpt":{"rendered":"<p>De 15 institui\u00e7\u00f5es financeiras consultadas pelo Blog, 12 admitem que o Banco Central pode dar in\u00edcio ao processo de corte da taxa b\u00e1sica de juros (Selic) a partir de outubro. Ainda que essa possibilidade n\u00e3o esteja no cen\u00e1rio principal tra\u00e7ado por esses agentes, o discurso \u00e9 de que o BC de Ilan Goldfajn ficou mais [&hellip;]<\/p>\n","protected":false},"author":22,"featured_media":0,"comment_status":"open","ping_status":"closed","sticky":false,"template":"","format":"standard","meta":{"footnotes":""},"categories":[600],"tags":[3,1158,1160,1161,1159,34,1157],"class_list":["post-2979","post","type-post","status-publish","format-standard","hentry","category-economia","tag-banco-central","tag-corte","tag-dovish","tag-hawkish","tag-outubro","tag-selic","tag-taxa-de-juros"],"_links":{"self":[{"href":"https:\/\/blogs.correiobraziliense.com.br\/vicente\/wp-json\/wp\/v2\/posts\/2979","targetHints":{"allow":["GET"]}}],"collection":[{"href":"https:\/\/blogs.correiobraziliense.com.br\/vicente\/wp-json\/wp\/v2\/posts"}],"about":[{"href":"https:\/\/blogs.correiobraziliense.com.br\/vicente\/wp-json\/wp\/v2\/types\/post"}],"author":[{"embeddable":true,"href":"https:\/\/blogs.correiobraziliense.com.br\/vicente\/wp-json\/wp\/v2\/users\/22"}],"replies":[{"embeddable":true,"href":"https:\/\/blogs.correiobraziliense.com.br\/vicente\/wp-json\/wp\/v2\/comments?post=2979"}],"version-history":[{"count":3,"href":"https:\/\/blogs.correiobraziliense.com.br\/vicente\/wp-json\/wp\/v2\/posts\/2979\/revisions"}],"predecessor-version":[{"id":2982,"href":"https:\/\/blogs.correiobraziliense.com.br\/vicente\/wp-json\/wp\/v2\/posts\/2979\/revisions\/2982"}],"wp:attachment":[{"href":"https:\/\/blogs.correiobraziliense.com.br\/vicente\/wp-json\/wp\/v2\/media?parent=2979"}],"wp:term":[{"taxonomy":"category","embeddable":true,"href":"https:\/\/blogs.correiobraziliense.com.br\/vicente\/wp-json\/wp\/v2\/categories?post=2979"},{"taxonomy":"post_tag","embeddable":true,"href":"https:\/\/blogs.correiobraziliense.com.br\/vicente\/wp-json\/wp\/v2\/tags?post=2979"}],"curies":[{"name":"wp","href":"https:\/\/api.w.org\/{rel}","templated":true}]}}