{"id":2961,"date":"2016-08-31T12:01:33","date_gmt":"2016-08-31T15:01:33","guid":{"rendered":"https:\/\/blogs.correiobraziliense.com.br\/vicente\/?p=2961"},"modified":"2016-08-31T16:55:23","modified_gmt":"2016-08-31T19:55:23","slug":"meirelles-se-recusa-ir-ao-planejamento-nao-quer-se-submeter-um-ministro-interino","status":"publish","type":"post","link":"https:\/\/blogs.correiobraziliense.com.br\/vicente\/meirelles-se-recusa-ir-ao-planejamento-nao-quer-se-submeter-um-ministro-interino\/","title":{"rendered":"Meirelles se recusa a ir ao Planejamento. N\u00e3o quer se submeter a um ministro interino"},"content":{"rendered":"<p>Historicamente,\u00a0 quando o governo divulga a proposta de Or\u00e7amento da Uni\u00e3o que \u00e9 encaminhada ao Congresso, todo o detalhamento dos n\u00fameros \u00e9 feito em uma entrevista coletiva na sede do Minist\u00e9rio do Planejamento, ao qual cabe preparar a pe\u00e7a que servir\u00e1 de base para o funcionamento da m\u00e1quina p\u00fablica. Os dados s\u00e3o explicitados, em conjunto, pelos ministros do Planejamento e da Fazenda. Sempre foi assim.<\/p>\n<p>&nbsp;<\/p>\n<p>Desta vez, por\u00e9m, esse rito n\u00e3o ser\u00e1 seguido. O ministro da Fazenda, Henrique Meirelles, se recusou a ir ao Planejamento e se colocar como figurante numa coletiva de imprensa em que a estrela seria um ministro interino, no caso, Dyogo Oliveira, pelo qual ele n\u00e3o nutre a menor simpatia.<\/p>\n<p>&nbsp;<\/p>\n<p>Resumindo: Meirelles, apoiado pelo presidente interino, Michel Temer, convocou a entrevista sobre o Or\u00e7amento para o Pal\u00e1cio do Planalto. Antecipou o hor\u00e1rio, das 14h30 para as 12h30. A mudan\u00e7a foi informada pela Secretaria de Comunica\u00e7\u00e3o da Presid\u00eancia da Rep\u00fablica antes mesmo de os assessores de Dyogo, que estavam preparando a entrevista, serem avisados.<\/p>\n<p>&nbsp;<\/p>\n<p>O hor\u00e1rio da entrevista, por\u00e9m, mudou de novo, para depois da posse de Temer como presidente efetivo e da primeira reuni\u00e3o ministerial. Mas os dados ser\u00e3o divulgados no Planalto e n\u00e3o no Planejamento.<\/p>\n<p>&nbsp;<\/p>\n<p><em>Bras\u00edlia, 12h01min, atualizada \u00e0s 14h35min<br \/>\n<\/em><\/p>\n","protected":false},"excerpt":{"rendered":"<p>Historicamente,\u00a0 quando o governo divulga a proposta de Or\u00e7amento da Uni\u00e3o que \u00e9 encaminhada ao Congresso, todo o detalhamento dos n\u00fameros \u00e9 feito em uma entrevista coletiva na sede do Minist\u00e9rio do Planejamento, ao qual cabe preparar a pe\u00e7a que servir\u00e1 de base para o funcionamento da m\u00e1quina p\u00fablica. Os dados s\u00e3o explicitados, em conjunto, [&hellip;]<\/p>\n","protected":false},"author":22,"featured_media":0,"comment_status":"open","ping_status":"closed","sticky":false,"template":"","format":"standard","meta":{"footnotes":""},"categories":[600],"tags":[1150,570,84,21,111,549,758],"class_list":["post-2961","post","type-post","status-publish","format-standard","hentry","category-economia","tag-coletiva","tag-disputa","tag-dyogo-oliveira","tag-henrique-meirelles","tag-michel-temer","tag-orcamento","tag-recusa"],"_links":{"self":[{"href":"https:\/\/blogs.correiobraziliense.com.br\/vicente\/wp-json\/wp\/v2\/posts\/2961","targetHints":{"allow":["GET"]}}],"collection":[{"href":"https:\/\/blogs.correiobraziliense.com.br\/vicente\/wp-json\/wp\/v2\/posts"}],"about":[{"href":"https:\/\/blogs.correiobraziliense.com.br\/vicente\/wp-json\/wp\/v2\/types\/post"}],"author":[{"embeddable":true,"href":"https:\/\/blogs.correiobraziliense.com.br\/vicente\/wp-json\/wp\/v2\/users\/22"}],"replies":[{"embeddable":true,"href":"https:\/\/blogs.correiobraziliense.com.br\/vicente\/wp-json\/wp\/v2\/comments?post=2961"}],"version-history":[{"count":4,"href":"https:\/\/blogs.correiobraziliense.com.br\/vicente\/wp-json\/wp\/v2\/posts\/2961\/revisions"}],"predecessor-version":[{"id":2969,"href":"https:\/\/blogs.correiobraziliense.com.br\/vicente\/wp-json\/wp\/v2\/posts\/2961\/revisions\/2969"}],"wp:attachment":[{"href":"https:\/\/blogs.correiobraziliense.com.br\/vicente\/wp-json\/wp\/v2\/media?parent=2961"}],"wp:term":[{"taxonomy":"category","embeddable":true,"href":"https:\/\/blogs.correiobraziliense.com.br\/vicente\/wp-json\/wp\/v2\/categories?post=2961"},{"taxonomy":"post_tag","embeddable":true,"href":"https:\/\/blogs.correiobraziliense.com.br\/vicente\/wp-json\/wp\/v2\/tags?post=2961"}],"curies":[{"name":"wp","href":"https:\/\/api.w.org\/{rel}","templated":true}]}}