{"id":2959,"date":"2016-08-31T00:28:50","date_gmt":"2016-08-31T03:28:50","guid":{"rendered":"https:\/\/blogs.correiobraziliense.com.br\/vicente\/?p=2959"},"modified":"2016-08-31T08:30:47","modified_gmt":"2016-08-31T11:30:47","slug":"bagunca-na-camex","status":"publish","type":"post","link":"https:\/\/blogs.correiobraziliense.com.br\/vicente\/bagunca-na-camex\/","title":{"rendered":"Bagun\u00e7a na Camex"},"content":{"rendered":"<p>A transfer\u00eancia da C\u00e2mara de Com\u00e9rcio Exterior (Camex) do Minist\u00e9rio da Ind\u00fastria e do Desenvolvimento para o Itamaraty se transformou em uma grande bagun\u00e7a. Nenhum de seus integrantes consegue se reunir e decidir sobre temas important\u00edssimos para o setor produtivo. O descaso assusta.<\/p>\n<p>&nbsp;<\/p>\n<p><b>Inseguran\u00e7a jur\u00eddica<\/b><\/p>\n<p>&nbsp;<\/p>\n<p>Um exemplo dessa bagun\u00e7a \u00e9 um processo sobre a importa\u00e7\u00e3o de sacos de juta para embalar caf\u00e9. A expectativa era de que a Camex publicasse uma decis\u00e3o estendendo o direito antidumping para evitar concorr\u00eancia desleal de produtos vindos da \u00cdndia e de Bangladesh. Mas nada saiu, gerando inseguran\u00e7a jur\u00eddica.<\/p>\n","protected":false},"excerpt":{"rendered":"<p>A transfer\u00eancia da C\u00e2mara de Com\u00e9rcio Exterior (Camex) do Minist\u00e9rio da Ind\u00fastria e do Desenvolvimento para o Itamaraty se transformou em uma grande bagun\u00e7a. Nenhum de seus integrantes consegue se reunir e decidir sobre temas important\u00edssimos para o setor produtivo. O descaso assusta. &nbsp; Inseguran\u00e7a jur\u00eddica &nbsp; Um exemplo dessa bagun\u00e7a \u00e9 um processo sobre [&hellip;]<\/p>\n","protected":false},"author":22,"featured_media":0,"comment_status":"open","ping_status":"closed","sticky":false,"template":"","format":"standard","meta":{"footnotes":""},"categories":[600],"tags":[1149,1145,1148,1144,1146,1147],"class_list":["post-2959","post","type-post","status-publish","format-standard","hentry","category-economia","tag-antidumping","tag-bagunca","tag-cafe","tag-camex","tag-ninguem-vota-nada","tag-sacos-de-juta"],"_links":{"self":[{"href":"https:\/\/blogs.correiobraziliense.com.br\/vicente\/wp-json\/wp\/v2\/posts\/2959","targetHints":{"allow":["GET"]}}],"collection":[{"href":"https:\/\/blogs.correiobraziliense.com.br\/vicente\/wp-json\/wp\/v2\/posts"}],"about":[{"href":"https:\/\/blogs.correiobraziliense.com.br\/vicente\/wp-json\/wp\/v2\/types\/post"}],"author":[{"embeddable":true,"href":"https:\/\/blogs.correiobraziliense.com.br\/vicente\/wp-json\/wp\/v2\/users\/22"}],"replies":[{"embeddable":true,"href":"https:\/\/blogs.correiobraziliense.com.br\/vicente\/wp-json\/wp\/v2\/comments?post=2959"}],"version-history":[{"count":1,"href":"https:\/\/blogs.correiobraziliense.com.br\/vicente\/wp-json\/wp\/v2\/posts\/2959\/revisions"}],"predecessor-version":[{"id":2960,"href":"https:\/\/blogs.correiobraziliense.com.br\/vicente\/wp-json\/wp\/v2\/posts\/2959\/revisions\/2960"}],"wp:attachment":[{"href":"https:\/\/blogs.correiobraziliense.com.br\/vicente\/wp-json\/wp\/v2\/media?parent=2959"}],"wp:term":[{"taxonomy":"category","embeddable":true,"href":"https:\/\/blogs.correiobraziliense.com.br\/vicente\/wp-json\/wp\/v2\/categories?post=2959"},{"taxonomy":"post_tag","embeddable":true,"href":"https:\/\/blogs.correiobraziliense.com.br\/vicente\/wp-json\/wp\/v2\/tags?post=2959"}],"curies":[{"name":"wp","href":"https:\/\/api.w.org\/{rel}","templated":true}]}}