{"id":2951,"date":"2016-08-30T15:30:15","date_gmt":"2016-08-30T18:30:15","guid":{"rendered":"https:\/\/blogs.correiobraziliense.com.br\/vicente\/?p=2951"},"modified":"2016-08-30T15:41:09","modified_gmt":"2016-08-30T18:41:09","slug":"rombo-nas-contas-publicas-e-o-maior-da-historia-e-chega-r-163-bi-em-12-meses","status":"publish","type":"post","link":"https:\/\/blogs.correiobraziliense.com.br\/vicente\/rombo-nas-contas-publicas-e-o-maior-da-historia-e-chega-r-163-bi-em-12-meses\/","title":{"rendered":"Rombo nas contas p\u00fablicas \u00e9 o maior da hist\u00f3ria e chega a R$ 163 bi em 12 meses"},"content":{"rendered":"<p>POR ROSANA HESSEL<\/p>\n<p>&nbsp;<\/p>\n<p>O estrago provocado pela presidente afastada, Dilma Rousseff nas contas p\u00fablicas n\u00e3o para de crescer. Dados divulgados hoje pelo Tesouro Nacional mostram que, nos 12 meses terminados em julho, o rombo nas finan\u00e7as do governo central\u00a0 chegou a R$ 163 bilh\u00f5es.<\/p>\n<p>&nbsp;<\/p>\n<p>Somente em julho, o buraco foi de R$\u00a0 18,5 bilh\u00f5es, aumento de 138,5% em rela\u00e7\u00e3o ao deficit computado no mesmo m\u00eas de 2015. No acumulado de 2016, o rombo totaliza R$ 51,1 bilh\u00f5es, um salto de 474% na compara\u00e7\u00e3o com os sete primeiros meses do ano passado.<\/p>\n<p>&nbsp;<\/p>\n<p>Segundo os especialistas, o deficit fiscal n\u00e3o para de crescer devido \u00e0 forte eleva\u00e7\u00e3o das despesas e \u00e0 queda das receitas, diante da brutal recess\u00e3o na qual o pa\u00eds mergulhou desde o in\u00edcio de 2015. Se o buraco na finan\u00e7as do governo central (Tesouro, Banco Central e Previd\u00eancia) continuar aumentando nesse ritmo, em agosto, ser\u00e1 alcan\u00e7ado o limite m\u00e1ximo para deficit previsto em lei: R$ 170,5 bilh\u00f5es.<\/p>\n<p>&nbsp;<\/p>\n<p><em>Bras\u00edlia, 15h30min<\/em><\/p>\n","protected":false},"excerpt":{"rendered":"<p>POR ROSANA HESSEL &nbsp; O estrago provocado pela presidente afastada, Dilma Rousseff nas contas p\u00fablicas n\u00e3o para de crescer. Dados divulgados hoje pelo Tesouro Nacional mostram que, nos 12 meses terminados em julho, o rombo nas finan\u00e7as do governo central\u00a0 chegou a R$ 163 bilh\u00f5es. &nbsp; Somente em julho, o buraco foi de R$\u00a0 18,5 [&hellip;]<\/p>\n","protected":false},"author":22,"featured_media":0,"comment_status":"open","ping_status":"closed","sticky":false,"template":"","format":"standard","meta":{"footnotes":""},"categories":[600],"tags":[],"class_list":["post-2951","post","type-post","status-publish","format-standard","hentry","category-economia"],"_links":{"self":[{"href":"https:\/\/blogs.correiobraziliense.com.br\/vicente\/wp-json\/wp\/v2\/posts\/2951","targetHints":{"allow":["GET"]}}],"collection":[{"href":"https:\/\/blogs.correiobraziliense.com.br\/vicente\/wp-json\/wp\/v2\/posts"}],"about":[{"href":"https:\/\/blogs.correiobraziliense.com.br\/vicente\/wp-json\/wp\/v2\/types\/post"}],"author":[{"embeddable":true,"href":"https:\/\/blogs.correiobraziliense.com.br\/vicente\/wp-json\/wp\/v2\/users\/22"}],"replies":[{"embeddable":true,"href":"https:\/\/blogs.correiobraziliense.com.br\/vicente\/wp-json\/wp\/v2\/comments?post=2951"}],"version-history":[{"count":1,"href":"https:\/\/blogs.correiobraziliense.com.br\/vicente\/wp-json\/wp\/v2\/posts\/2951\/revisions"}],"predecessor-version":[{"id":2952,"href":"https:\/\/blogs.correiobraziliense.com.br\/vicente\/wp-json\/wp\/v2\/posts\/2951\/revisions\/2952"}],"wp:attachment":[{"href":"https:\/\/blogs.correiobraziliense.com.br\/vicente\/wp-json\/wp\/v2\/media?parent=2951"}],"wp:term":[{"taxonomy":"category","embeddable":true,"href":"https:\/\/blogs.correiobraziliense.com.br\/vicente\/wp-json\/wp\/v2\/categories?post=2951"},{"taxonomy":"post_tag","embeddable":true,"href":"https:\/\/blogs.correiobraziliense.com.br\/vicente\/wp-json\/wp\/v2\/tags?post=2951"}],"curies":[{"name":"wp","href":"https:\/\/api.w.org\/{rel}","templated":true}]}}