{"id":2945,"date":"2016-08-30T15:01:22","date_gmt":"2016-08-30T18:01:22","guid":{"rendered":"https:\/\/blogs.correiobraziliense.com.br\/vicente\/?p=2945"},"modified":"2016-08-30T17:09:22","modified_gmt":"2016-08-30T20:09:22","slug":"servidores-do-tesouro-ocupam-entrada-do-ministerio-da-fazenda-para-protestar","status":"publish","type":"post","link":"https:\/\/blogs.correiobraziliense.com.br\/vicente\/servidores-do-tesouro-ocupam-entrada-do-ministerio-da-fazenda-para-protestar\/","title":{"rendered":"Servidores do Tesouro ocupam entrada do Minist\u00e9rio da Fazenda para protestar"},"content":{"rendered":"<p>De nada adiantou a secret\u00e1ria do Tesouro Nacional, Ana Paula Vescovi, mudar o local da entrevista coletiva que ela dar\u00e1 hoje para anunciar o resultado de julho das contas do governo central.<\/p>\n<p>&nbsp;<\/p>\n<p><a href=\"https:\/\/youtu.be\/w7Va2RrYKIc\">https:\/\/youtu.be\/w7Va2RrYKIc<\/a><\/p>\n<p>&nbsp;<\/p>\n<p>Os servidores que ela n\u00e3o queria ver no audit\u00f3rio do Minist\u00e9rio da Fazenda ocuparam o hall de entrada do \u00f3rg\u00e3o e est\u00e3o fazendo um apita\u00e7o. Ele cobram equipara\u00e7\u00e3o salarial com os auditores da Receita Federal.<\/p>\n<p>&nbsp;<\/p>\n<p><a href=\"https:\/\/blogs.correiobraziliense.com.br\/vicente\/wp-content\/uploads\/sites\/16\/2016\/08\/TesouroManifestacao.jpg\" rel=\"attachment wp-att-2946\"><img loading=\"lazy\" decoding=\"async\" class=\"alignnone wp-image-2946\" src=\"https:\/\/blogs.correiobraziliense.com.br\/vicente\/wp-content\/uploads\/sites\/16\/2016\/08\/TesouroManifestacao-300x225.jpg\" alt=\"TesouroManifestacao\" width=\"437\" height=\"328\" srcset=\"https:\/\/blogs.correiobraziliense.com.br\/vicente\/wp-content\/uploads\/sites\/16\/2016\/08\/TesouroManifestacao-300x225.jpg 300w, https:\/\/blogs.correiobraziliense.com.br\/vicente\/wp-content\/uploads\/sites\/16\/2016\/08\/TesouroManifestacao-350x263.jpg 350w, https:\/\/blogs.correiobraziliense.com.br\/vicente\/wp-content\/uploads\/sites\/16\/2016\/08\/TesouroManifestacao-550x413.jpg 550w, https:\/\/blogs.correiobraziliense.com.br\/vicente\/wp-content\/uploads\/sites\/16\/2016\/08\/TesouroManifestacao-230x173.jpg 230w, https:\/\/blogs.correiobraziliense.com.br\/vicente\/wp-content\/uploads\/sites\/16\/2016\/08\/TesouroManifestacao.jpg 640w\" sizes=\"auto, (max-width: 437px) 100vw, 437px\" \/><\/a><\/p>\n<p>&nbsp;<\/p>\n<p>O audit\u00f3rio da Fazenda foi trancado e a entrevista de Ana Paula transferida para a sala do Conselho Monet\u00e1rio Nacional (CMN). Os servidores do Tesouro est\u00e3o em greve h\u00e1 mais de duas semanas. V\u00e1rios servi\u00e7os prestados pela secretaria foram prejudicados.<\/p>\n<p>&nbsp;<\/p>\n<p><em>Bras\u00edlia, 15h01min<\/em><\/p>\n","protected":false},"excerpt":{"rendered":"<p>De nada adiantou a secret\u00e1ria do Tesouro Nacional, Ana Paula Vescovi, mudar o local da entrevista coletiva que ela dar\u00e1 hoje para anunciar o resultado de julho das contas do governo central. &nbsp; &nbsp; Os servidores que ela n\u00e3o queria ver no audit\u00f3rio do Minist\u00e9rio da Fazenda ocuparam o hall de entrada do \u00f3rg\u00e3o e [&hellip;]<\/p>\n","protected":false},"author":22,"featured_media":0,"comment_status":"open","ping_status":"closed","sticky":false,"template":"","format":"standard","meta":{"footnotes":""},"categories":[600],"tags":[1046,1142,1143,347,122,121],"class_list":["post-2945","post","type-post","status-publish","format-standard","hentry","category-economia","tag-ana-paula-vescovi","tag-apitaco","tag-equiparacao-com-auditores-da-receita-federal","tag-greve","tag-salarios","tag-tesouro-nacional"],"_links":{"self":[{"href":"https:\/\/blogs.correiobraziliense.com.br\/vicente\/wp-json\/wp\/v2\/posts\/2945","targetHints":{"allow":["GET"]}}],"collection":[{"href":"https:\/\/blogs.correiobraziliense.com.br\/vicente\/wp-json\/wp\/v2\/posts"}],"about":[{"href":"https:\/\/blogs.correiobraziliense.com.br\/vicente\/wp-json\/wp\/v2\/types\/post"}],"author":[{"embeddable":true,"href":"https:\/\/blogs.correiobraziliense.com.br\/vicente\/wp-json\/wp\/v2\/users\/22"}],"replies":[{"embeddable":true,"href":"https:\/\/blogs.correiobraziliense.com.br\/vicente\/wp-json\/wp\/v2\/comments?post=2945"}],"version-history":[{"count":7,"href":"https:\/\/blogs.correiobraziliense.com.br\/vicente\/wp-json\/wp\/v2\/posts\/2945\/revisions"}],"predecessor-version":[{"id":2956,"href":"https:\/\/blogs.correiobraziliense.com.br\/vicente\/wp-json\/wp\/v2\/posts\/2945\/revisions\/2956"}],"wp:attachment":[{"href":"https:\/\/blogs.correiobraziliense.com.br\/vicente\/wp-json\/wp\/v2\/media?parent=2945"}],"wp:term":[{"taxonomy":"category","embeddable":true,"href":"https:\/\/blogs.correiobraziliense.com.br\/vicente\/wp-json\/wp\/v2\/categories?post=2945"},{"taxonomy":"post_tag","embeddable":true,"href":"https:\/\/blogs.correiobraziliense.com.br\/vicente\/wp-json\/wp\/v2\/tags?post=2945"}],"curies":[{"name":"wp","href":"https:\/\/api.w.org\/{rel}","templated":true}]}}