{"id":2942,"date":"2016-08-30T14:05:41","date_gmt":"2016-08-30T17:05:41","guid":{"rendered":"https:\/\/blogs.correiobraziliense.com.br\/vicente\/?p=2942"},"modified":"2016-08-30T15:11:00","modified_gmt":"2016-08-30T18:11:00","slug":"tesouro-nacional-muda-local-de-entrevista-para-evitar-manifestacao-de-servidores","status":"publish","type":"post","link":"https:\/\/blogs.correiobraziliense.com.br\/vicente\/tesouro-nacional-muda-local-de-entrevista-para-evitar-manifestacao-de-servidores\/","title":{"rendered":"Tesouro Nacional muda local de entrevista para evitar manifesta\u00e7\u00e3o de servidores"},"content":{"rendered":"<p>Por determina\u00e7\u00e3o da secret\u00e1ria do Tesouro Nacional, Ana Paula Vescovi, a entrevista coletiva marcada para hoje \u00e0 tarde, na qual ser\u00e1 divulgado o resultado das contas do governo central de julho, mudou de local.<\/p>\n<p>&nbsp;<\/p>\n<p>A estrat\u00e9gia \u00e9 uma forma de driblar poss\u00edveis manifesta\u00e7\u00f5es de servidores do Tesouro, que cobram a paridade dos sal\u00e1rios com os dos auditores da Receita Federal. Eles est\u00e3o em greve h\u00e1 de duas semanas, prejudicando os trabalhos do \u00f3rg\u00e3o.<\/p>\n<p>&nbsp;<\/p>\n<p>Normalmente, a entrevista ocorre no audit\u00f3rio do Minist\u00e9rio da Fazenda e costuma ser acompanhada de perto pelos funcion\u00e1rios Tesouro. Mas, pelo sim, pelo n\u00e3o, a divulga\u00e7\u00e3o dos n\u00fameros do governo central ser\u00e1 na sala do Conselho Monet\u00e1rio Nacional (CMN), onde a entrada \u00e9 controlada.<\/p>\n<p>&nbsp;<\/p>\n<p><em>Bras\u00edlia, 14h05min<\/em><\/p>\n","protected":false},"excerpt":{"rendered":"<p>Por determina\u00e7\u00e3o da secret\u00e1ria do Tesouro Nacional, Ana Paula Vescovi, a entrevista coletiva marcada para hoje \u00e0 tarde, na qual ser\u00e1 divulgado o resultado das contas do governo central de julho, mudou de local. &nbsp; A estrat\u00e9gia \u00e9 uma forma de driblar poss\u00edveis manifesta\u00e7\u00f5es de servidores do Tesouro, que cobram a paridade dos sal\u00e1rios com [&hellip;]<\/p>\n","protected":false},"author":22,"featured_media":0,"comment_status":"open","ping_status":"closed","sticky":false,"template":"","format":"standard","meta":{"footnotes":""},"categories":[600],"tags":[867,347,231,123,121],"class_list":["post-2942","post","type-post","status-publish","format-standard","hentry","category-economia","tag-equiparacao-salarial","tag-greve","tag-manifestacao","tag-servidores","tag-tesouro-nacional"],"_links":{"self":[{"href":"https:\/\/blogs.correiobraziliense.com.br\/vicente\/wp-json\/wp\/v2\/posts\/2942","targetHints":{"allow":["GET"]}}],"collection":[{"href":"https:\/\/blogs.correiobraziliense.com.br\/vicente\/wp-json\/wp\/v2\/posts"}],"about":[{"href":"https:\/\/blogs.correiobraziliense.com.br\/vicente\/wp-json\/wp\/v2\/types\/post"}],"author":[{"embeddable":true,"href":"https:\/\/blogs.correiobraziliense.com.br\/vicente\/wp-json\/wp\/v2\/users\/22"}],"replies":[{"embeddable":true,"href":"https:\/\/blogs.correiobraziliense.com.br\/vicente\/wp-json\/wp\/v2\/comments?post=2942"}],"version-history":[{"count":1,"href":"https:\/\/blogs.correiobraziliense.com.br\/vicente\/wp-json\/wp\/v2\/posts\/2942\/revisions"}],"predecessor-version":[{"id":2943,"href":"https:\/\/blogs.correiobraziliense.com.br\/vicente\/wp-json\/wp\/v2\/posts\/2942\/revisions\/2943"}],"wp:attachment":[{"href":"https:\/\/blogs.correiobraziliense.com.br\/vicente\/wp-json\/wp\/v2\/media?parent=2942"}],"wp:term":[{"taxonomy":"category","embeddable":true,"href":"https:\/\/blogs.correiobraziliense.com.br\/vicente\/wp-json\/wp\/v2\/categories?post=2942"},{"taxonomy":"post_tag","embeddable":true,"href":"https:\/\/blogs.correiobraziliense.com.br\/vicente\/wp-json\/wp\/v2\/tags?post=2942"}],"curies":[{"name":"wp","href":"https:\/\/api.w.org\/{rel}","templated":true}]}}