{"id":2936,"date":"2016-08-30T12:01:11","date_gmt":"2016-08-30T15:01:11","guid":{"rendered":"https:\/\/blogs.correiobraziliense.com.br\/vicente\/?p=2936"},"modified":"2016-08-30T12:36:36","modified_gmt":"2016-08-30T15:36:36","slug":"envolvido-em-corrupcao-fi-fgts-tem-relatorio-aprovado-com-ressalvas-que-seguira-para-o-tcu","status":"publish","type":"post","link":"https:\/\/blogs.correiobraziliense.com.br\/vicente\/envolvido-em-corrupcao-fi-fgts-tem-relatorio-aprovado-com-ressalvas-que-seguira-para-o-tcu\/","title":{"rendered":"Envolvido em corrup\u00e7\u00e3o, FI-FGTS tem relat\u00f3rio de gest\u00e3o aprovado com ressalvas, que seguir\u00e1 para o TCU"},"content":{"rendered":"<p>No centro das den\u00fancias de corrup\u00e7\u00e3o que envolvem o deputado Eduardo Cunha, o FI-FGTS, instrumento de investimentos bancado pelo Fundo de Garantia do Tempo de Servi\u00e7o) teve seu relat\u00f3rio de gest\u00e3o aprovado hoje, mas com v\u00e1rias ressalvas. H\u00e1 o temor dos integrantes do Comit\u00ea de Investimentos do FI-FGTS de serem pegos pela Pol\u00edcia Federal. O documento ser\u00e1 encaminhado ao Tribunal de Contas da Uni\u00e3o (TCU).<\/p>\n<p>&nbsp;<\/p>\n<p>Respons\u00e1vel pela auditoria externa do FI-FGTS, a empresa KPMG disse que s\u00f3 assinaria o relat\u00f3rio de gest\u00e3o se fossem acrescentados, nos documentos, todas as ressalvas feitas por seus t\u00e9cnicos, alertando, inclusive, para desvios denunciados por F\u00e1bio Cleto, ex-vice-presidente da Caixa Econ\u00f4mica Federal.<\/p>\n<p>&nbsp;<\/p>\n<p>A KPMG exigiu, ainda, que a Caixa fa\u00e7a um documento descrevendo qual a real situa\u00e7\u00e3o do FI-FGTS e os riscos envolvidos em todas as opera\u00e7\u00f5es realizadas pelo fundo para que tamb\u00e9m seja encaminhado ao TCU. O banco ter\u00e1 que abrir todos os dados do FI-FGTS, sobretudo dos benefici\u00e1rios de recursos liberados pelo fundo.<\/p>\n<p>&nbsp;<\/p>\n<p>Somente Juliano Bianchi, representante da Confedera\u00e7\u00e3o Nacional das Institui\u00e7\u00f5es Financeiras (CNF) no Comit\u00ea de Investimento do Fundo de Investimento do FGTS, voltou contra o relat\u00f3rio de Gest\u00e3o.<\/p>\n<p>&nbsp;<\/p>\n<p>Em sua exposi\u00e7\u00e3o, o ministro do Trabalho e Previd\u00eancia Social, Ronaldo Nogueira, afirmou que ser\u00e1 criado um grupo de governan\u00e7a para botar ordem na casa do FI-FGTS. At\u00e9 o fim do ano, ser\u00e3o definidos os setores que ter\u00e3o prioridade para receber recursos dos trabalhadores. A prefer\u00eancia \u00e9 por obras de infraestrutura, sobretudo transportes, saneamento b\u00e1sico e energia.<\/p>\n<p>&nbsp;<\/p>\n<p><em>Bras\u00edlia, 12h01min<\/em><\/p>\n","protected":false},"excerpt":{"rendered":"<p>No centro das den\u00fancias de corrup\u00e7\u00e3o que envolvem o deputado Eduardo Cunha, o FI-FGTS, instrumento de investimentos bancado pelo Fundo de Garantia do Tempo de Servi\u00e7o) teve seu relat\u00f3rio de gest\u00e3o aprovado hoje, mas com v\u00e1rias ressalvas. H\u00e1 o temor dos integrantes do Comit\u00ea de Investimentos do FI-FGTS de serem pegos pela Pol\u00edcia Federal. O [&hellip;]<\/p>\n","protected":false},"author":22,"featured_media":0,"comment_status":"open","ping_status":"closed","sticky":false,"template":"","format":"standard","meta":{"footnotes":""},"categories":[600],"tags":[255,508,1138,1136,1137,981],"class_list":["post-2936","post","type-post","status-publish","format-standard","hentry","category-economia","tag-corrupcao","tag-fi-fgts","tag-kpmg","tag-relatorio-de-gestao","tag-ressalvas","tag-ronaldo-nogueira"],"_links":{"self":[{"href":"https:\/\/blogs.correiobraziliense.com.br\/vicente\/wp-json\/wp\/v2\/posts\/2936","targetHints":{"allow":["GET"]}}],"collection":[{"href":"https:\/\/blogs.correiobraziliense.com.br\/vicente\/wp-json\/wp\/v2\/posts"}],"about":[{"href":"https:\/\/blogs.correiobraziliense.com.br\/vicente\/wp-json\/wp\/v2\/types\/post"}],"author":[{"embeddable":true,"href":"https:\/\/blogs.correiobraziliense.com.br\/vicente\/wp-json\/wp\/v2\/users\/22"}],"replies":[{"embeddable":true,"href":"https:\/\/blogs.correiobraziliense.com.br\/vicente\/wp-json\/wp\/v2\/comments?post=2936"}],"version-history":[{"count":1,"href":"https:\/\/blogs.correiobraziliense.com.br\/vicente\/wp-json\/wp\/v2\/posts\/2936\/revisions"}],"predecessor-version":[{"id":2937,"href":"https:\/\/blogs.correiobraziliense.com.br\/vicente\/wp-json\/wp\/v2\/posts\/2936\/revisions\/2937"}],"wp:attachment":[{"href":"https:\/\/blogs.correiobraziliense.com.br\/vicente\/wp-json\/wp\/v2\/media?parent=2936"}],"wp:term":[{"taxonomy":"category","embeddable":true,"href":"https:\/\/blogs.correiobraziliense.com.br\/vicente\/wp-json\/wp\/v2\/categories?post=2936"},{"taxonomy":"post_tag","embeddable":true,"href":"https:\/\/blogs.correiobraziliense.com.br\/vicente\/wp-json\/wp\/v2\/tags?post=2936"}],"curies":[{"name":"wp","href":"https:\/\/api.w.org\/{rel}","templated":true}]}}