{"id":2929,"date":"2016-08-30T09:05:53","date_gmt":"2016-08-30T12:05:53","guid":{"rendered":"https:\/\/blogs.correiobraziliense.com.br\/vicente\/?p=2929"},"modified":"2016-08-30T09:33:15","modified_gmt":"2016-08-30T12:33:15","slug":"desemprego-vai-118-e-atinge-118-milhoes-de-trabalhadores","status":"publish","type":"post","link":"https:\/\/blogs.correiobraziliense.com.br\/vicente\/desemprego-vai-118-e-atinge-118-milhoes-de-trabalhadores\/","title":{"rendered":"Desemprego vai a 11,6% e atinge 11,8 milh\u00f5es de trabalhadores"},"content":{"rendered":"<p>A taxa de desemprego atingiu 11,6% no trimestre encerrado em julho de 2016, ficando 0,4 ponto percentual acima do \u00edndice observado entre fevereiro e abril (11,2%). Na compara\u00e7\u00e3o com o mesmo trimestre do ano anterior, quando a taxa foi de 8,6%, a eleva\u00e7\u00e3o foi de 3 pontos. Trata-se do pior resultado desde o in\u00edcio da s\u00e9rie hist\u00f3rica iniciada em 2012.<\/p>\n<p>&nbsp;<\/p>\n<p>Segundo o Instituto Brasileiro de Geografia e Estat\u00edstica (IBGE), A popula\u00e7\u00e3o desocupada, de 11, 8 milh\u00f5es de pessoas, \u00a0cresceu 3,8% frente o trimestre fevereiro-abril (11,4 milh\u00f5es), um acr\u00e9scimo de 436 mil pessoas. No confronto com igual trimestre do ano passado, o desemprego subiu 37,4%, um aumento de 3,2 milh\u00f5es de pessoas.<\/p>\n<p>&nbsp;<\/p>\n<p>A renda tamb\u00e9m n\u00e3o resistiu \u00e0 grav\u00edssima recess\u00e3o que o pa\u00eds enfrenta. O sal\u00e1rio m\u00e9dio dos trabalhadores ficou em R$ 1.985 no trimestre de maio a julho, 0,6% abaixo do observado nos tr\u00eas meses imediatamente anteriores e 3% inferior na compara\u00e7\u00e3o com o mesmo per\u00edodo de 2015.<\/p>\n<p>&nbsp;<\/p>\n<p>Para os especialistas, a praga do desemprego ainda continuar\u00e1 atormentando os trabalhadores por um bom per\u00edodo. Trata-se, no entender deles, da pior face da heran\u00e7a maldita deixada por Dilma Rousseff. Mesmo que a economia se recupere, as demiss\u00f5es continuar\u00e3o. O emprego foi o \u00faltimo a sentir os efeitos da recess\u00e3o. E ser\u00e1 o \u00faltimo a reagir quando o crescimento voltar.<\/p>\n<p>&nbsp;<\/p>\n<p><i>Bras\u00edlia, 09h05min<\/i><\/p>\n","protected":false},"excerpt":{"rendered":"<p>A taxa de desemprego atingiu 11,6% no trimestre encerrado em julho de 2016, ficando 0,4 ponto percentual acima do \u00edndice observado entre fevereiro e abril (11,2%). Na compara\u00e7\u00e3o com o mesmo trimestre do ano anterior, quando a taxa foi de 8,6%, a eleva\u00e7\u00e3o foi de 3 pontos. Trata-se do pior resultado desde o in\u00edcio da [&hellip;]<\/p>\n","protected":false},"author":22,"featured_media":0,"comment_status":"open","ping_status":"closed","sticky":false,"template":"","format":"standard","meta":{"footnotes":""},"categories":[600],"tags":[826,993,1135,71,1093,1134],"class_list":["post-2929","post","type-post","status-publish","format-standard","hentry","category-economia","tag-826","tag-993","tag-8-milhoes-de-desocupados","tag-desemprego","tag-julho","tag-renda-em-queda"],"_links":{"self":[{"href":"https:\/\/blogs.correiobraziliense.com.br\/vicente\/wp-json\/wp\/v2\/posts\/2929","targetHints":{"allow":["GET"]}}],"collection":[{"href":"https:\/\/blogs.correiobraziliense.com.br\/vicente\/wp-json\/wp\/v2\/posts"}],"about":[{"href":"https:\/\/blogs.correiobraziliense.com.br\/vicente\/wp-json\/wp\/v2\/types\/post"}],"author":[{"embeddable":true,"href":"https:\/\/blogs.correiobraziliense.com.br\/vicente\/wp-json\/wp\/v2\/users\/22"}],"replies":[{"embeddable":true,"href":"https:\/\/blogs.correiobraziliense.com.br\/vicente\/wp-json\/wp\/v2\/comments?post=2929"}],"version-history":[{"count":6,"href":"https:\/\/blogs.correiobraziliense.com.br\/vicente\/wp-json\/wp\/v2\/posts\/2929\/revisions"}],"predecessor-version":[{"id":2935,"href":"https:\/\/blogs.correiobraziliense.com.br\/vicente\/wp-json\/wp\/v2\/posts\/2929\/revisions\/2935"}],"wp:attachment":[{"href":"https:\/\/blogs.correiobraziliense.com.br\/vicente\/wp-json\/wp\/v2\/media?parent=2929"}],"wp:term":[{"taxonomy":"category","embeddable":true,"href":"https:\/\/blogs.correiobraziliense.com.br\/vicente\/wp-json\/wp\/v2\/categories?post=2929"},{"taxonomy":"post_tag","embeddable":true,"href":"https:\/\/blogs.correiobraziliense.com.br\/vicente\/wp-json\/wp\/v2\/tags?post=2929"}],"curies":[{"name":"wp","href":"https:\/\/api.w.org\/{rel}","templated":true}]}}