{"id":2894,"date":"2016-08-27T09:31:45","date_gmt":"2016-08-27T12:31:45","guid":{"rendered":"https:\/\/blogs.correiobraziliense.com.br\/vicente\/?p=2894"},"modified":"2016-08-27T14:34:04","modified_gmt":"2016-08-27T17:34:04","slug":"11-estados-estao-quebrados-sem-dinheiro-para-nada-diz-governador-de-goias","status":"publish","type":"post","link":"https:\/\/blogs.correiobraziliense.com.br\/vicente\/11-estados-estao-quebrados-sem-dinheiro-para-nada-diz-governador-de-goias\/","title":{"rendered":"11 estados est\u00e3o quebrados, sem dinheiro para nada, diz governador de Goi\u00e1s"},"content":{"rendered":"<p>POR ROSANA HESSEL<\/p>\n<p>&nbsp;<\/p>\n<p>A decep\u00e7\u00e3o foi grande no encontro que governadores tiveram ontem o ministro da Fazenda, Henrique Meirelles. Eles foram em busca de apoio financeiro, mas sa\u00edram de m\u00e3os abanando. O chefe da equipe econ\u00f4mica se recusa a abrir os cofres, sob a justificativa de que o governo est\u00e1 fazendo um esfor\u00e7o brutal por causa da renegocia\u00e7\u00e3o das d\u00edvidas estaduais. O Tesouro Nacional foi obrigado a desistir de R$ 50 bilh\u00f5es que receberia em juros.<\/p>\n<p>&nbsp;<\/p>\n<p>Segundo o governador de Goi\u00e1s, Marconi Perillo, mesmo com o socorro dado pelo governo, a situa\u00e7\u00e3o dos estados \u00e9 dram\u00e1tica. Ele ressaltou que pelo menos 11 unidades da federa\u00e7\u00e3o est\u00e3o quebradas, sem condi\u00e7\u00f5es de pagar sal\u00e1rios de servidores e de prestarem servi\u00e7os b\u00e1sicos \u00e0 popula\u00e7\u00e3o. A tend\u00eancia \u00e9 de os problemas se agigantarem depois da vota\u00e7\u00e3o do impeachment de Dilma Rousseff, quando os calotes tender\u00e3o a ficar mais evidentes.<\/p>\n<p>&nbsp;<\/p>\n<p>O pleito dos governadores \u00e9 para uma libera\u00e7\u00e3o emergencial de recursos para estados das regi\u00f5es Norte, Nordeste e Centro-Oeste. Eles pedem pelo menos R$ 14 bilh\u00f5es, alegando que foram os menos beneficiados pela renegocia\u00e7\u00e3o das d\u00edvidas, cujo projeto ainda depende de aprova\u00e7\u00e3o no Congresso. O Pal\u00e1cio do Planalto, por\u00e9m, chegou a sinalizar uma libera\u00e7\u00e3o de at\u00e9 R$ 7 bilh\u00f5es para as unidades do Norte e do Nordeste. Mas a equipe econ\u00f4mica botou um p\u00e9 no freio. Al\u00e9m de Perillo, estiveram na Fazenda os governadores do Piau\u00ed, Wellington Dias, e Par\u00e1, Sim\u00e3o Jatene, al\u00e9m de senadores.<\/p>\n<p>&nbsp;<\/p>\n<p>Diante da dificuldade em obter recursos por meio do aumento nos repasses do Fundo de Participa\u00e7\u00e3o dos Estados (FPE), os governadores apresentaram tr\u00eas op\u00e7\u00f5es a Meirelles: um cronograma de repasse de recursos do fundo de exporta\u00e7\u00e3o (FEX), uma perspectiva quanto ao repasse do montante obtido com a repatria\u00e7\u00e3o de fundos n\u00e3o declarados no exterior e a amplia\u00e7\u00e3o do limite de cr\u00e9dito. \u201cOs Estados est\u00e3o em situa\u00e7\u00e3o de colapso\u201d, refor\u00e7ou Perillo.<\/p>\n<p>&nbsp;<\/p>\n<p>Segundo o governador de Goi\u00e1s, o ministro da Fazenda se comprometeu a dar um posicionamento sobre a repatria\u00e7\u00e3o de recursos at\u00e9 31 de outubro, quando acaba o prazo para os contribuintes manifestarem o interesse na regulariza\u00e7\u00e3o dos recursos enviados irregularmente ao exterior. O ministro tamb\u00e9m marcou uma reuni\u00e3o t\u00e9cnica para a pr\u00f3xima semana, a fim de tratar da possibilidade de acelerar o processo para os estados obterem empr\u00e9stimos. Sobre o FEX, Meirelles disse que verificaria se h\u00e1 espa\u00e7o no Or\u00e7amento para repasses. \u201cN\u00e3o tivemos posi\u00e7\u00e3o definitiva sobre nada\u201d, afirmou Perillo.<\/p>\n<p>&nbsp;<\/p>\n<p><em>Bras\u00edlia, 09h31min<\/em><\/p>\n","protected":false},"excerpt":{"rendered":"<p>POR ROSANA HESSEL &nbsp; A decep\u00e7\u00e3o foi grande no encontro que governadores tiveram ontem o ministro da Fazenda, Henrique Meirelles. Eles foram em busca de apoio financeiro, mas sa\u00edram de m\u00e3os abanando. O chefe da equipe econ\u00f4mica se recusa a abrir os cofres, sob a justificativa de que o governo est\u00e1 fazendo um esfor\u00e7o brutal [&hellip;]<\/p>\n","protected":false},"author":22,"featured_media":0,"comment_status":"open","ping_status":"closed","sticky":false,"template":"","format":"standard","meta":{"footnotes":""},"categories":[600],"tags":[303,1104,689,21,948,1105,904],"class_list":["post-2894","post","type-post","status-publish","format-standard","hentry","category-economia","tag-divida","tag-estados-quebrados","tag-frustracao","tag-henrique-meirelles","tag-marconi-perillo","tag-r-14-bilhoes","tag-r-7-bilhoes"],"_links":{"self":[{"href":"https:\/\/blogs.correiobraziliense.com.br\/vicente\/wp-json\/wp\/v2\/posts\/2894","targetHints":{"allow":["GET"]}}],"collection":[{"href":"https:\/\/blogs.correiobraziliense.com.br\/vicente\/wp-json\/wp\/v2\/posts"}],"about":[{"href":"https:\/\/blogs.correiobraziliense.com.br\/vicente\/wp-json\/wp\/v2\/types\/post"}],"author":[{"embeddable":true,"href":"https:\/\/blogs.correiobraziliense.com.br\/vicente\/wp-json\/wp\/v2\/users\/22"}],"replies":[{"embeddable":true,"href":"https:\/\/blogs.correiobraziliense.com.br\/vicente\/wp-json\/wp\/v2\/comments?post=2894"}],"version-history":[{"count":1,"href":"https:\/\/blogs.correiobraziliense.com.br\/vicente\/wp-json\/wp\/v2\/posts\/2894\/revisions"}],"predecessor-version":[{"id":2895,"href":"https:\/\/blogs.correiobraziliense.com.br\/vicente\/wp-json\/wp\/v2\/posts\/2894\/revisions\/2895"}],"wp:attachment":[{"href":"https:\/\/blogs.correiobraziliense.com.br\/vicente\/wp-json\/wp\/v2\/media?parent=2894"}],"wp:term":[{"taxonomy":"category","embeddable":true,"href":"https:\/\/blogs.correiobraziliense.com.br\/vicente\/wp-json\/wp\/v2\/categories?post=2894"},{"taxonomy":"post_tag","embeddable":true,"href":"https:\/\/blogs.correiobraziliense.com.br\/vicente\/wp-json\/wp\/v2\/tags?post=2894"}],"curies":[{"name":"wp","href":"https:\/\/api.w.org\/{rel}","templated":true}]}}