{"id":2891,"date":"2016-08-27T10:02:42","date_gmt":"2016-08-27T13:02:42","guid":{"rendered":"https:\/\/blogs.correiobraziliense.com.br\/vicente\/?p=2891"},"modified":"2016-08-27T14:30:35","modified_gmt":"2016-08-27T17:30:35","slug":"reajuste-de-salarios-de-ministros-do-stf-ja-esta-decidido","status":"publish","type":"post","link":"https:\/\/blogs.correiobraziliense.com.br\/vicente\/reajuste-de-salarios-de-ministros-do-stf-ja-esta-decidido\/","title":{"rendered":"Reajuste de sal\u00e1rios de ministros do STF j\u00e1 est\u00e1 decidido"},"content":{"rendered":"<p>POR SIMONE KAFRUNI<\/p>\n<p>&nbsp;<\/p>\n<p>O presidente interino, Michel Temer, j\u00e1 deu aval para o aumento de sal\u00e1rios dos ministros o Supremo Tribunal Federal (STF).\u00a0 A determina\u00e7\u00e3o do Pal\u00e1cio do Planalto, contudo, \u00e9 de n\u00e3o dizer isso oficialmente, mas Temer comunicou a l\u00edderes de partidos aliados que n\u00e3o vetar\u00e1 a medida se aprovada. A remunera\u00e7\u00e3o dos integrantes da maior Corte do pa\u00eds passar\u00e1 de R$ 33 mil para R$ 39 mil, elevando o teto do funcionalismo e provocando efeito cascata em estados e munic\u00edpios. O reajuste, a princ\u00edpio, deve ser votado em 8 de setembro.<\/p>\n<p>&nbsp;<\/p>\n<p>O Planalto, por\u00e9m, n\u00e3o dar\u00e1 o mesmo apoio aos aumentos previstos para 10 carreiras do funcionalismo p\u00fablico, cujos projetos est\u00e3o tramitando no Congresso. Esses reajustes, sobretudo o previsto para os ministro do STF, abriram um conflito entre o PMDB e o PSDB, que divergem sobre o impacto nas contas p\u00fablicas. Os tucanos, contr\u00e1rios \u00e0 concess\u00e3o, decidiram jogar a toalha e n\u00e3o v\u00e3o abandonar a base aliada, pelo menos, at\u00e9 a aprova\u00e7\u00e3o da Proposta de Emenda \u00e0 Constitui\u00e7\u00e3o (PEC) que estipula um teto para o aumento de gastos p\u00fablicos.<\/p>\n<p>&nbsp;<\/p>\n<p>Para Jos\u00e9 Matias-Pereira, professor de Administra\u00e7\u00e3o P\u00fablica da Universidade de Bras\u00edlia (UnB), o problema \u00e9 que o PMDB do gabinete do presidente Temer n\u00e3o \u00e9 o mesmo partido de senadores que est\u00e3o sendo pressionados pelos magistrados para aprovarem o reajuste. \u201cO PMDB \u00e9 um saco de gatos. Os pol\u00edticos que aceitam fazer concess\u00f5es querem se salvar do rolo compressor que est\u00e1 por vir\u201d, alerta, referindo-se aos desdobramentos da Opera\u00e7\u00e3o Lava-Jato, cujas a\u00e7\u00f5es ser\u00e3o julgadas pelo STF.<\/p>\n<p>&nbsp;<\/p>\n<p>Matias-Pereira ressalta que o governo Temer est\u00e1 no fio da navalha. \u201cO impeachment \u00e9 que vai permitir que ele exponha, para a base aliada, o que pretende fazer. O PSDB tem uma posi\u00e7\u00e3o coerente, de conter os gastos, porque est\u00e1 de olho nas elei\u00e7\u00f5es de 2018, e quer que, at\u00e9 l\u00e1, o governo reorganize as contas p\u00fablicas\u201d, avalia. Ele assinala que, se os tucanos assentirem com a concess\u00e3o de benesses, o Brasil estar\u00e1 ingovern\u00e1vel em 2018.<\/p>\n<p>&nbsp;<\/p>\n<p>Ao mesmo tempo, Matias-Pereira admite que o momento n\u00e3o \u00e9 de ampliar conflitos, por isso o PSDB abriu m\u00e3o da sua posi\u00e7\u00e3o e deve votar pela aprova\u00e7\u00e3o dos aumentos, ao lado do PMDB. \u201cDo ponto de vista pol\u00edtico, o contexto exige movimentos degrau por degrau. Por isso, h\u00e1 um recuo estrat\u00e9gico dos tucanos at\u00e9 o impeachment definitivo e a aprova\u00e7\u00e3o da PEC dos gastos\u201d, analisa.<\/p>\n<p>&nbsp;<\/p>\n<p>Nesse cabo de guerra, pelo sim, pelo n\u00e3o, o Planalto est\u00e1 torcendo para que n\u00e3o haja qu\u00f3rum na sess\u00e3o de 8 de setembro, quando o presidente do Senado, Renan Calheiros, marcou a vota\u00e7\u00e3o para o reajuste do STF e do Procurador-Geral da Rep\u00fablica. Renan j\u00e1 criticou de forma indireta a oposi\u00e7\u00e3o feita pelos tucanos \u00e0 proposta. \u201cEssa, mais do que qualquer outra quest\u00e3o, n\u00e3o pode ser partidarizada. \u00c9 preciso conversar, ter racionalidade, bom senso\u201d, diz.<\/p>\n","protected":false},"excerpt":{"rendered":"<p>POR SIMONE KAFRUNI &nbsp; O presidente interino, Michel Temer, j\u00e1 deu aval para o aumento de sal\u00e1rios dos ministros o Supremo Tribunal Federal (STF).\u00a0 A determina\u00e7\u00e3o do Pal\u00e1cio do Planalto, contudo, \u00e9 de n\u00e3o dizer isso oficialmente, mas Temer comunicou a l\u00edderes de partidos aliados que n\u00e3o vetar\u00e1 a medida se aprovada. A remunera\u00e7\u00e3o dos [&hellip;]<\/p>\n","protected":false},"author":22,"featured_media":0,"comment_status":"open","ping_status":"closed","sticky":false,"template":"","format":"standard","meta":{"footnotes":""},"categories":[600],"tags":[111,176,153,124,123,39],"class_list":["post-2891","post","type-post","status-publish","format-standard","hentry","category-economia","tag-michel-temer","tag-palacio-do-planalto","tag-pmdb","tag-reajustes","tag-servidores","tag-supremo-tribunal-federal"],"_links":{"self":[{"href":"https:\/\/blogs.correiobraziliense.com.br\/vicente\/wp-json\/wp\/v2\/posts\/2891","targetHints":{"allow":["GET"]}}],"collection":[{"href":"https:\/\/blogs.correiobraziliense.com.br\/vicente\/wp-json\/wp\/v2\/posts"}],"about":[{"href":"https:\/\/blogs.correiobraziliense.com.br\/vicente\/wp-json\/wp\/v2\/types\/post"}],"author":[{"embeddable":true,"href":"https:\/\/blogs.correiobraziliense.com.br\/vicente\/wp-json\/wp\/v2\/users\/22"}],"replies":[{"embeddable":true,"href":"https:\/\/blogs.correiobraziliense.com.br\/vicente\/wp-json\/wp\/v2\/comments?post=2891"}],"version-history":[{"count":2,"href":"https:\/\/blogs.correiobraziliense.com.br\/vicente\/wp-json\/wp\/v2\/posts\/2891\/revisions"}],"predecessor-version":[{"id":2893,"href":"https:\/\/blogs.correiobraziliense.com.br\/vicente\/wp-json\/wp\/v2\/posts\/2891\/revisions\/2893"}],"wp:attachment":[{"href":"https:\/\/blogs.correiobraziliense.com.br\/vicente\/wp-json\/wp\/v2\/media?parent=2891"}],"wp:term":[{"taxonomy":"category","embeddable":true,"href":"https:\/\/blogs.correiobraziliense.com.br\/vicente\/wp-json\/wp\/v2\/categories?post=2891"},{"taxonomy":"post_tag","embeddable":true,"href":"https:\/\/blogs.correiobraziliense.com.br\/vicente\/wp-json\/wp\/v2\/tags?post=2891"}],"curies":[{"name":"wp","href":"https:\/\/api.w.org\/{rel}","templated":true}]}}