{"id":2885,"date":"2016-08-26T19:05:51","date_gmt":"2016-08-26T22:05:51","guid":{"rendered":"https:\/\/blogs.correiobraziliense.com.br\/vicente\/?p=2885"},"modified":"2016-08-26T21:39:06","modified_gmt":"2016-08-27T00:39:06","slug":"frustracao-de-hamilton","status":"publish","type":"post","link":"https:\/\/blogs.correiobraziliense.com.br\/vicente\/frustracao-de-hamilton\/","title":{"rendered":"Frustra\u00e7\u00e3o de Hamilton"},"content":{"rendered":"<p>Carlos Hamilton, secret\u00e1rio de Pol\u00edtica Econ\u00f4mica do Minist\u00e9rio da Fazenda, saiu um tanto frustrado dos encontros que manteve ontem com analistas de mercado para discutir a situa\u00e7\u00e3o fiscal do pa\u00eds. A maioria dos especialistas disse acreditar no estouro do deficit consolidado do setor p\u00fablico de R$ 143,1 bilh\u00f5es previsto para 2017.<\/p>\n<p>&nbsp;<\/p>\n<p><strong>Estados e munic\u00edpios<\/strong><\/p>\n<p>&nbsp;<\/p>\n<p>Para os analistas, estados e munic\u00edpios est\u00e3o em uma situa\u00e7\u00e3o dram\u00e1tica e, certamente, ter\u00e3o rombo maior do que o R$ 1,1 bilh\u00e3o projetado pela equipe econ\u00f4mica. Isso exigir\u00e1 esfor\u00e7o maior da Uni\u00e3o, cujo buraco nas contas n\u00e3o pode passar de R$ 139 bilh\u00f5es. Na avalia\u00e7\u00e3o dos especialistas, o pa\u00eds s\u00f3 voltar\u00e1 a registrar superavit fiscal em 2020.<\/p>\n","protected":false},"excerpt":{"rendered":"<p>Carlos Hamilton, secret\u00e1rio de Pol\u00edtica Econ\u00f4mica do Minist\u00e9rio da Fazenda, saiu um tanto frustrado dos encontros que manteve ontem com analistas de mercado para discutir a situa\u00e7\u00e3o fiscal do pa\u00eds. A maioria dos especialistas disse acreditar no estouro do deficit consolidado do setor p\u00fablico de R$ 143,1 bilh\u00f5es previsto para 2017. &nbsp; Estados e munic\u00edpios [&hellip;]<\/p>\n","protected":false},"author":22,"featured_media":0,"comment_status":"open","ping_status":"closed","sticky":false,"template":"","format":"standard","meta":{"footnotes":""},"categories":[600],"tags":[13,1015,76,19],"class_list":["post-2885","post","type-post","status-publish","format-standard","hentry","category-economia","tag-ajuste-fiscal","tag-carlos-hamilton","tag-deficit","tag-ministerio-da-fazenda"],"_links":{"self":[{"href":"https:\/\/blogs.correiobraziliense.com.br\/vicente\/wp-json\/wp\/v2\/posts\/2885","targetHints":{"allow":["GET"]}}],"collection":[{"href":"https:\/\/blogs.correiobraziliense.com.br\/vicente\/wp-json\/wp\/v2\/posts"}],"about":[{"href":"https:\/\/blogs.correiobraziliense.com.br\/vicente\/wp-json\/wp\/v2\/types\/post"}],"author":[{"embeddable":true,"href":"https:\/\/blogs.correiobraziliense.com.br\/vicente\/wp-json\/wp\/v2\/users\/22"}],"replies":[{"embeddable":true,"href":"https:\/\/blogs.correiobraziliense.com.br\/vicente\/wp-json\/wp\/v2\/comments?post=2885"}],"version-history":[{"count":1,"href":"https:\/\/blogs.correiobraziliense.com.br\/vicente\/wp-json\/wp\/v2\/posts\/2885\/revisions"}],"predecessor-version":[{"id":2886,"href":"https:\/\/blogs.correiobraziliense.com.br\/vicente\/wp-json\/wp\/v2\/posts\/2885\/revisions\/2886"}],"wp:attachment":[{"href":"https:\/\/blogs.correiobraziliense.com.br\/vicente\/wp-json\/wp\/v2\/media?parent=2885"}],"wp:term":[{"taxonomy":"category","embeddable":true,"href":"https:\/\/blogs.correiobraziliense.com.br\/vicente\/wp-json\/wp\/v2\/categories?post=2885"},{"taxonomy":"post_tag","embeddable":true,"href":"https:\/\/blogs.correiobraziliense.com.br\/vicente\/wp-json\/wp\/v2\/tags?post=2885"}],"curies":[{"name":"wp","href":"https:\/\/api.w.org\/{rel}","templated":true}]}}