{"id":2870,"date":"2016-08-26T14:28:24","date_gmt":"2016-08-26T17:28:24","guid":{"rendered":"https:\/\/blogs.correiobraziliense.com.br\/vicente\/?p=2870"},"modified":"2016-08-26T16:35:43","modified_gmt":"2016-08-26T19:35:43","slug":"economia-no-sofa-esta-no-ar-temas-a-hora-da-verdade-para-temer-como-tirar-proveito-dos-programas-de-milhagem-e-o-cartao-de-credito-como-aliado","status":"publish","type":"post","link":"https:\/\/blogs.correiobraziliense.com.br\/vicente\/economia-no-sofa-esta-no-ar-temas-a-hora-da-verdade-para-temer-como-tirar-proveito-dos-programas-de-milhagem-e-o-cartao-de-credito-como-aliado\/","title":{"rendered":"Economia no sof\u00e1 est\u00e1 no ar. Temas: a hora da verdade para Temer, como tirar proveito dos programas de milhagem e o cart\u00e3o de cr\u00e9dito como aliado"},"content":{"rendered":"<p>Para quem estava esperando, est\u00e1 no ar mais uma edi\u00e7\u00e3o do Economia no sof\u00e1. O programa discute como ser\u00e1 o p\u00f3s-impeachment para Michel Temer. J\u00e1 est\u00e1 claro que os agentes econ\u00f4micos n\u00e3o ser\u00e3o mais complacente com o governo. V\u00e3o pressionar por medidas concretas para o ajuste fiscal.<\/p>\n<p>&nbsp;<\/p>\n<p>Tamb\u00e9m mostramos como os consumidores podem tirar proveito dos programas de milhagem, que est\u00e3o crescendo muito e como evitar dor de cabe\u00e7a com o cart\u00e3o de cr\u00e9dito. De cada 10 brasileiros que t\u00eam d\u00edvidas, sete devem por meio do cart\u00e3o, cujas taxas de juros em 470,7% ao ano. N\u00e3o \u00e9 brincadeira.<\/p>\n<p>&nbsp;<\/p>\n<p>Espero que gostem.<\/p>\n<p>&nbsp;<\/p>\n<p><iframe loading=\"lazy\" title=\"Economia no Sof\u00e1 #4\" width=\"1440\" height=\"810\" src=\"https:\/\/www.youtube.com\/embed\/wO-B_PfEITI?feature=oembed\" frameborder=\"0\" allow=\"accelerometer; autoplay; clipboard-write; encrypted-media; gyroscope; picture-in-picture; web-share\" referrerpolicy=\"strict-origin-when-cross-origin\" allowfullscreen><\/iframe><\/p>\n","protected":false},"excerpt":{"rendered":"<p>Para quem estava esperando, est\u00e1 no ar mais uma edi\u00e7\u00e3o do Economia no sof\u00e1. O programa discute como ser\u00e1 o p\u00f3s-impeachment para Michel Temer. J\u00e1 est\u00e1 claro que os agentes econ\u00f4micos n\u00e3o ser\u00e3o mais complacente com o governo. V\u00e3o pressionar por medidas concretas para o ajuste fiscal. &nbsp; Tamb\u00e9m mostramos como os consumidores podem tirar [&hellip;]<\/p>\n","protected":false},"author":22,"featured_media":2873,"comment_status":"open","ping_status":"closed","sticky":false,"template":"","format":"standard","meta":{"footnotes":""},"categories":[600],"tags":[441,959,62,111,1099],"class_list":["post-2870","post","type-post","status-publish","format-standard","has-post-thumbnail","hentry","category-economia","tag-cartao-de-credito","tag-economia-no-sofa","tag-impeachment","tag-michel-temer","tag-programas-de-milhagem"],"_links":{"self":[{"href":"https:\/\/blogs.correiobraziliense.com.br\/vicente\/wp-json\/wp\/v2\/posts\/2870","targetHints":{"allow":["GET"]}}],"collection":[{"href":"https:\/\/blogs.correiobraziliense.com.br\/vicente\/wp-json\/wp\/v2\/posts"}],"about":[{"href":"https:\/\/blogs.correiobraziliense.com.br\/vicente\/wp-json\/wp\/v2\/types\/post"}],"author":[{"embeddable":true,"href":"https:\/\/blogs.correiobraziliense.com.br\/vicente\/wp-json\/wp\/v2\/users\/22"}],"replies":[{"embeddable":true,"href":"https:\/\/blogs.correiobraziliense.com.br\/vicente\/wp-json\/wp\/v2\/comments?post=2870"}],"version-history":[{"count":5,"href":"https:\/\/blogs.correiobraziliense.com.br\/vicente\/wp-json\/wp\/v2\/posts\/2870\/revisions"}],"predecessor-version":[{"id":2876,"href":"https:\/\/blogs.correiobraziliense.com.br\/vicente\/wp-json\/wp\/v2\/posts\/2870\/revisions\/2876"}],"wp:featuredmedia":[{"embeddable":true,"href":"https:\/\/blogs.correiobraziliense.com.br\/vicente\/wp-json\/wp\/v2\/media\/2873"}],"wp:attachment":[{"href":"https:\/\/blogs.correiobraziliense.com.br\/vicente\/wp-json\/wp\/v2\/media?parent=2870"}],"wp:term":[{"taxonomy":"category","embeddable":true,"href":"https:\/\/blogs.correiobraziliense.com.br\/vicente\/wp-json\/wp\/v2\/categories?post=2870"},{"taxonomy":"post_tag","embeddable":true,"href":"https:\/\/blogs.correiobraziliense.com.br\/vicente\/wp-json\/wp\/v2\/tags?post=2870"}],"curies":[{"name":"wp","href":"https:\/\/api.w.org\/{rel}","templated":true}]}}