{"id":2859,"date":"2016-08-25T16:40:18","date_gmt":"2016-08-25T19:40:18","guid":{"rendered":"https:\/\/blogs.correiobraziliense.com.br\/vicente\/?p=2859"},"modified":"2016-08-25T17:27:52","modified_gmt":"2016-08-25T20:27:52","slug":"pais-fechou-94-724-postos-de-trabalho-em-julho-e-17-milhao-em-12-meses","status":"publish","type":"post","link":"https:\/\/blogs.correiobraziliense.com.br\/vicente\/pais-fechou-94-724-postos-de-trabalho-em-julho-e-17-milhao-em-12-meses\/","title":{"rendered":"Pa\u00eds fechou 94.724 postos de trabalho em julho e 1,7 milh\u00e3o em 12 meses"},"content":{"rendered":"<p>POR C\u00c9LIA PERRONE<\/p>\n<p>&nbsp;<\/p>\n<p>Apesar dos sinais de recupera\u00e7\u00e3o da economia, o mercado de trabalho continua muito mal. Dados do Cadastro Geral de Empregados e Desempregados (Caged) mostram que, em julho, o Brasil fechou 94.724 postos de trabalho com carteira assinada.<\/p>\n<p>&nbsp;<\/p>\n<p>Apesar de ser menor que o verificado no mesmo m\u00eas do ano passado (157.905), foi o segundo pior julho da hist\u00f3ria e o 15\u00ba m\u00eas seguido de redu\u00e7\u00e3o de emprego. Para os especialistas, o n\u00famero atual revela que os trabalhadores ainda v\u00e3o sentir por um longo per\u00edodo o peso da recess\u00e3o.<\/p>\n<p>&nbsp;<\/p>\n<p>Segundo o Caged, no acumulado do ano, foram destru\u00eddos 623.520 postos com carteira assinada. Em 12 meses, a perda chega a 1,706 milh\u00e3o de empregos. As demiss\u00f5es foram lideradas pela constru\u00e7\u00e3o civil, pelo com\u00e9rcio e pela ind\u00fastria de transforma\u00e7\u00e3o.<\/p>\n<p>&nbsp;<\/p>\n<p>Para o ministro do Trabalho, Ronaldo Nogueira, j\u00e1 \u00e9 poss\u00edvel ver uma recupera\u00e7\u00e3o gradual da economia, o que se refletir\u00e1, mais \u00e0 frente, no mercado de trabalho. \u201cEstamos perdendo menos vagas e a tend\u00eancia para os pr\u00f3ximos meses \u00e9 de que possamos a gerar vagas ao longo do segundo semestre\u201d, diz.<\/p>\n","protected":false},"excerpt":{"rendered":"<p>POR C\u00c9LIA PERRONE &nbsp; Apesar dos sinais de recupera\u00e7\u00e3o da economia, o mercado de trabalho continua muito mal. Dados do Cadastro Geral de Empregados e Desempregados (Caged) mostram que, em julho, o Brasil fechou 94.724 postos de trabalho com carteira assinada. &nbsp; Apesar de ser menor que o verificado no mesmo m\u00eas do ano passado [&hellip;]<\/p>\n","protected":false},"author":22,"featured_media":0,"comment_status":"open","ping_status":"closed","sticky":false,"template":"","format":"standard","meta":{"footnotes":""},"categories":[600],"tags":[1095,413,71,1093,1094],"class_list":["post-2859","post","type-post","status-publish","format-standard","hentry","category-economia","tag-94-724","tag-caged","tag-desemprego","tag-julho","tag-ministerio-do-trabalho"],"_links":{"self":[{"href":"https:\/\/blogs.correiobraziliense.com.br\/vicente\/wp-json\/wp\/v2\/posts\/2859","targetHints":{"allow":["GET"]}}],"collection":[{"href":"https:\/\/blogs.correiobraziliense.com.br\/vicente\/wp-json\/wp\/v2\/posts"}],"about":[{"href":"https:\/\/blogs.correiobraziliense.com.br\/vicente\/wp-json\/wp\/v2\/types\/post"}],"author":[{"embeddable":true,"href":"https:\/\/blogs.correiobraziliense.com.br\/vicente\/wp-json\/wp\/v2\/users\/22"}],"replies":[{"embeddable":true,"href":"https:\/\/blogs.correiobraziliense.com.br\/vicente\/wp-json\/wp\/v2\/comments?post=2859"}],"version-history":[{"count":4,"href":"https:\/\/blogs.correiobraziliense.com.br\/vicente\/wp-json\/wp\/v2\/posts\/2859\/revisions"}],"predecessor-version":[{"id":2863,"href":"https:\/\/blogs.correiobraziliense.com.br\/vicente\/wp-json\/wp\/v2\/posts\/2859\/revisions\/2863"}],"wp:attachment":[{"href":"https:\/\/blogs.correiobraziliense.com.br\/vicente\/wp-json\/wp\/v2\/media?parent=2859"}],"wp:term":[{"taxonomy":"category","embeddable":true,"href":"https:\/\/blogs.correiobraziliense.com.br\/vicente\/wp-json\/wp\/v2\/categories?post=2859"},{"taxonomy":"post_tag","embeddable":true,"href":"https:\/\/blogs.correiobraziliense.com.br\/vicente\/wp-json\/wp\/v2\/tags?post=2859"}],"curies":[{"name":"wp","href":"https:\/\/api.w.org\/{rel}","templated":true}]}}