{"id":2857,"date":"2016-08-25T00:30:41","date_gmt":"2016-08-25T03:30:41","guid":{"rendered":"https:\/\/blogs.correiobraziliense.com.br\/vicente\/?p=2857"},"modified":"2016-08-25T00:57:15","modified_gmt":"2016-08-25T03:57:15","slug":"coluna-no-correio-o-fim-e-o-comeco","status":"publish","type":"post","link":"https:\/\/blogs.correiobraziliense.com.br\/vicente\/coluna-no-correio-o-fim-e-o-comeco\/","title":{"rendered":"Coluna no Correio: O fim e o come\u00e7o"},"content":{"rendered":"<p>O processo de impeachment que se inicia hoje no Senado ter\u00e1 um efeito duplo. De um lado, enterrar\u00e1 de vez o que um dia foi o governo de Dilma Rousseff. De outro, dar\u00e1 in\u00edcio \u00e0 verdadeira administra\u00e7\u00e3o de Michel Temer. At\u00e9 agora, o peemedebista foi tratado com toda a benevol\u00eancia dos agentes econ\u00f4micos sob a justificativa da interinidade. Nos \u00faltimos tr\u00eas meses, conseguiu resgatar parte da confian\u00e7a perdida na era petista, mas conduziu os \u00e2nimos muito mais na promessa do que por meio de medidas efetivas para tirar o pa\u00eds do atoleiro.<\/p>\n<p>&nbsp;<\/p>\n<p>Para os donos do dinheiro, Dilma j\u00e1 vai tarde. No caso de Temer, chegou a hora da verdade. E a cobran\u00e7a ser\u00e1 enorme, dada a urg\u00eancia do que \u00e9 preciso ser feito para evitar a derrocada geral. A ansiedade dos agentes econ\u00f4micos aumentou muito nos \u00faltimos dias, diante do racha na base aliada do interino. PMDB e PSDB explicitam que o compromisso com o ajuste fiscal n\u00e3o est\u00e1 t\u00e3o consolidado no governo como tenta vender o ministro da Fazenda, Henrique Meirelles. A defesa por aumento de gastos, sobretudo com servidores, ofusca o discurso dos que defendem o corte de gastos.<\/p>\n<p>&nbsp;<\/p>\n<p>Dilma ser\u00e1 expulsa da vida p\u00fablica justamente porque teve como lema o descontrole fiscal. Acreditou que, com a gastan\u00e7a desenfreada, atendendo pleitos e lobbies de corpora\u00e7\u00f5es, daria impulso \u00e0 economia. As estripulias com o dinheiro p\u00fablico, por\u00e9m, destru\u00edram todas as bases que levaram o pa\u00eds a derrotar a hiperinfla\u00e7\u00e3o e a promover o mais impressionante processo de inclus\u00e3o social no mundo moderno. A petista, dominada pela prepot\u00eancia, empurrou o Brasil para a mais grave recess\u00e3o em quase 100 anos e trouxe de volta as pragas da carestia e do desemprego.<\/p>\n<p>&nbsp;<\/p>\n<p>Temer sabe que, se repetir os erros da antecessora, sofrer\u00e1 todo tipo de ataque. Est\u00e1 claro que Dilma n\u00e3o caiu apenas por causa da roubalheira na Petrobras, desvendada pela Opera\u00e7\u00e3o Lava-Jato. Ela foi defenestrada do poder sobretudo porque destruiu a economia. Com a tal nova matriz econ\u00f4mica, levou o pa\u00eds para um buraco sem fundo. O peemedebista, portanto, sabe o que n\u00e3o deve fazer. A grande pergunta \u00e9 se ter\u00e1 for\u00e7a para levar adiante temas t\u00e3o pol\u00eamicos, mas urgent\u00edssimos, como a Proposta de Emenda \u00e0 Constitui\u00e7\u00e3o (PEC) que limita o aumento dos gastos \u00e0 infla\u00e7\u00e3o anterior e a reforma da Previd\u00eancia.<\/p>\n<p>&nbsp;<\/p>\n<p><b>Compasso de espera<\/b><\/p>\n<p>&nbsp;<\/p>\n<p>Na expectativa do que est\u00e1 por vir ap\u00f3s o impeachment, v\u00e1rios investidores reduziram os volumes de neg\u00f3cios nos \u00faltimos dias. Ainda que todos tenham a certeza de que Dilma n\u00e3o voltar\u00e1 ao Pal\u00e1cio do Planalto, a ordem foi entrar em compasso de espera justamente porque h\u00e1 d\u00favidas em rela\u00e7\u00e3o ao ritmo que ser\u00e1 imposto ao ajuste fiscal a partir da pr\u00f3xima semana, com a efetiva\u00e7\u00e3o de Temer na Presid\u00eancia da Rep\u00fablica.<\/p>\n<p>&nbsp;<\/p>\n<p>\u201cTemos monitorado todos os passos do governo. Estamos cientes dos ru\u00eddos pol\u00edticos neste momento. Mas, por enquanto, preferimos aguardar o desfecho do impeachment\u201d, diz Ivo Chermont, economista-chefe da gestora de recursos Quantitas. Ele ressalta que, depois da decis\u00e3o do Senado, o comportamento dos investidores ser\u00e1 outro. \u201cCertamente, vamos dar outro peso \u00e0s diverg\u00eancias que vemos dentro do governo quando tivermos um presidente efetivo\u201d, ressalta.<\/p>\n<p>&nbsp;<\/p>\n<p>Para Chermont, o Temer n\u00e3o pode cair no erro de endossar, por exemplo, o aumento de sal\u00e1rios de servidores. Deve deixar esse assunto exclusivamente para o Congresso. Um aval ao aumento de gastos indicar\u00e1 que outras concess\u00f5es poder\u00e3o vir mais adiante, jogando por terra o ajuste fiscal que tanto o pa\u00eds necessita. Como bem ressalta o ministro interino do Planejamento, Dyogo Oliveira, a situa\u00e7\u00e3o das contas p\u00fablicas beira o colapso. O Brasil est\u00e1 muito pr\u00f3ximo de se transformar em uma Gr\u00e9cia. Temer ter\u00e1 a obriga\u00e7\u00e3o de reverter esse quadro dram\u00e1tico.<\/p>\n<p>&nbsp;<\/p>\n<p><b>Quest\u00e3o de sobreviv\u00eancia<\/b><\/p>\n<p>&nbsp;<\/p>\n<p>Entre os t\u00e9cnicos da equipe econ\u00f4mica, a op\u00e7\u00e3o est\u00e1 sendo pelo otimismo. Os assessores mais pr\u00f3ximos de Meirelles acreditam que n\u00e3o haver\u00e1 retrocessos na disposi\u00e7\u00e3o do Pal\u00e1cio do Planalto de aprovar a PEC dos gastos e a reforma da Previd\u00eancia. \u201cS\u00e3o propostas irrevers\u00edveis. Ningu\u00e9m est\u00e1 aqui num faz de conta. Todo o trabalho desenvolvido nos \u00faltimos tr\u00eas meses foi para criarmos as bases da virada. A partir de setembro, o esfor\u00e7o ser\u00e1 para tirar o ajuste fiscal do papel\u201d, diz um dos t\u00e9cnicos. \u201cA artilharia j\u00e1 est\u00e1 preparada. N\u00e3o estamos dispostos a perder essa batalha\u201d, acrescenta.<\/p>\n<p>&nbsp;<\/p>\n<p>No entender do mesmo t\u00e9cnico, os pr\u00f3ximos dois anos ser\u00e3o decisivos para o pa\u00eds. Se nada ou pouco for feito, a economia at\u00e9 poder\u00e1 voltar a crescer por in\u00e9rcia, mas as frustra\u00e7\u00f5es sociais v\u00e3o se agigantar. N\u00e3o haver\u00e1 governo que conseguir\u00e1 se sustentar sem o fortalecimento da atividade. O Brasil precisa urgentemente voltar a criar empregos e a distribuir renda. \u201cVimos que isso \u00e9 poss\u00edvel, desde que prevale\u00e7a a responsabilidade fiscal. Agora, \u00e9 preciso que a sociedade cobre e exija do Congresso as medidas que nos colocar\u00e3o de novo no rumo certo\u201d, destaca.<\/p>\n<p>&nbsp;<\/p>\n<p>Na Fazenda, h\u00e1 indicadores mostrando que parte dos agentes produtivos j\u00e1 deixaram de se pautar pelo risco pol\u00edtico, que prevaleceu nos seis primeiros meses do ano. \u201c\u00c9 l\u00f3gico que, ainda neste momento, com o impeachment na reta final, todos os olhos se voltem para Bras\u00edlia. Acreditamos, contudo, que, encerrada essa fase, empres\u00e1rios e investidores voltar\u00e3o a se fixar na economia real. Ser\u00e1 quest\u00e3o de sobreviv\u00eancia\u201d, sentencia o mesmo t\u00e9cnico.<\/p>\n<p>&nbsp;<\/p>\n<p><i>Bras\u00edlia, 00h30min<\/i><\/p>\n","protected":false},"excerpt":{"rendered":"<p>O processo de impeachment que se inicia hoje no Senado ter\u00e1 um efeito duplo. De um lado, enterrar\u00e1 de vez o que um dia foi o governo de Dilma Rousseff. De outro, dar\u00e1 in\u00edcio \u00e0 verdadeira administra\u00e7\u00e3o de Michel Temer. At\u00e9 agora, o peemedebista foi tratado com toda a benevol\u00eancia dos agentes econ\u00f4micos sob a [&hellip;]<\/p>\n","protected":false},"author":22,"featured_media":0,"comment_status":"open","ping_status":"closed","sticky":false,"template":"","format":"standard","meta":{"footnotes":""},"categories":[600],"tags":[11,21,62,111],"class_list":["post-2857","post","type-post","status-publish","format-standard","hentry","category-economia","tag-dilma-rousseff","tag-henrique-meirelles","tag-impeachment","tag-michel-temer"],"_links":{"self":[{"href":"https:\/\/blogs.correiobraziliense.com.br\/vicente\/wp-json\/wp\/v2\/posts\/2857","targetHints":{"allow":["GET"]}}],"collection":[{"href":"https:\/\/blogs.correiobraziliense.com.br\/vicente\/wp-json\/wp\/v2\/posts"}],"about":[{"href":"https:\/\/blogs.correiobraziliense.com.br\/vicente\/wp-json\/wp\/v2\/types\/post"}],"author":[{"embeddable":true,"href":"https:\/\/blogs.correiobraziliense.com.br\/vicente\/wp-json\/wp\/v2\/users\/22"}],"replies":[{"embeddable":true,"href":"https:\/\/blogs.correiobraziliense.com.br\/vicente\/wp-json\/wp\/v2\/comments?post=2857"}],"version-history":[{"count":1,"href":"https:\/\/blogs.correiobraziliense.com.br\/vicente\/wp-json\/wp\/v2\/posts\/2857\/revisions"}],"predecessor-version":[{"id":2858,"href":"https:\/\/blogs.correiobraziliense.com.br\/vicente\/wp-json\/wp\/v2\/posts\/2857\/revisions\/2858"}],"wp:attachment":[{"href":"https:\/\/blogs.correiobraziliense.com.br\/vicente\/wp-json\/wp\/v2\/media?parent=2857"}],"wp:term":[{"taxonomy":"category","embeddable":true,"href":"https:\/\/blogs.correiobraziliense.com.br\/vicente\/wp-json\/wp\/v2\/categories?post=2857"},{"taxonomy":"post_tag","embeddable":true,"href":"https:\/\/blogs.correiobraziliense.com.br\/vicente\/wp-json\/wp\/v2\/tags?post=2857"}],"curies":[{"name":"wp","href":"https:\/\/api.w.org\/{rel}","templated":true}]}}