{"id":2854,"date":"2016-08-24T19:53:29","date_gmt":"2016-08-24T22:53:29","guid":{"rendered":"https:\/\/blogs.correiobraziliense.com.br\/vicente\/?p=2854"},"modified":"2016-08-24T23:16:20","modified_gmt":"2016-08-25T02:16:20","slug":"banco-do-brasil-tira-diretores-do-castelo-e-os-apresenta-vida-real","status":"publish","type":"post","link":"https:\/\/blogs.correiobraziliense.com.br\/vicente\/banco-do-brasil-tira-diretores-do-castelo-e-os-apresenta-vida-real\/","title":{"rendered":"Banco do Brasil tira diretores do castelo e os apresenta \u00e0 vida real"},"content":{"rendered":"<p>O presidente do Banco do Brasil, Paulo Rog\u00e9rio Caffarelli, decidiu dar um ch\u00e1 de realidade a seus subordinados diretos. Para incrementar os neg\u00f3cios da institui\u00e7\u00e3o, ele passou a comandar as reuni\u00f5es do Conselho Diretor fora da sede oficial, em Bras\u00edlia. J\u00e1 sediaram os encontros, que re\u00fane todos os vice-presidentes, Curitiba, Bel\u00e9m e Porto Alegre.<\/p>\n<p>&nbsp;<\/p>\n<p>Caffarelli acredita que essa aproxima\u00e7\u00e3o com a estrutura do banco ser\u00e1 fundamental para engajar todos os funcion\u00e1rios no projeto que visa a recupera\u00e7\u00e3o da rentabilidade patrimonial. At\u00e9 2012, o retorno sobre o patrim\u00f4nio da institui\u00e7\u00e3o girava bem pr\u00f3ximo dos 18% computados, na m\u00e9dia, pelos grandes concorrentes privados. Neste ano, a rentabilidade do BB ficou em 8%, \u00edndice considerado muito baixo.<\/p>\n<p>&nbsp;<\/p>\n<p>Para se ter uma ideia da dist\u00e2ncia entre o comando do Banco do Brasil com os funcion\u00e1rios de fora de Bras\u00edlia e do eixo Rio-S\u00e3o Paulo, h\u00e1 pelo menos 100 anos o presidente da institui\u00e7\u00e3o n\u00e3o pisava em uma ag\u00eancia de Alagoas. Nesse per\u00edodo, em apenas duas oportunidades, 2006 e 2007, os ocupantes da presid\u00eancia do banco (Rossano Maranh\u00e3o e Lima Neto, respectivamente) estiveram naquele estado, mas para eventos de interesse do governo federal.<\/p>\n<p>&nbsp;<\/p>\n<p>O objetivo de Caffarelli \u00e9 aproximar o comando do banco do baixo escal\u00e3o, que lida com a vida real e sabe, exatamente, o caminho para os neg\u00f3cios crescerem. S\u00e3o as pessoas da base do atendimento que v\u00e3o indicar o que os clientes querem e como o BB pode tirar proveito disso. Para isso, precisam ser prestigiados. Desde o fim de maio, quando assumiu a presid\u00eancia do banco, Caffarelli j\u00e1 esteve em seis estados.<\/p>\n<p>&nbsp;<\/p>\n<p><em>Bras\u00edlia, 19h53min<\/em><\/p>\n","protected":false},"excerpt":{"rendered":"<p>O presidente do Banco do Brasil, Paulo Rog\u00e9rio Caffarelli, decidiu dar um ch\u00e1 de realidade a seus subordinados diretos. Para incrementar os neg\u00f3cios da institui\u00e7\u00e3o, ele passou a comandar as reuni\u00f5es do Conselho Diretor fora da sede oficial, em Bras\u00edlia. J\u00e1 sediaram os encontros, que re\u00fane todos os vice-presidentes, Curitiba, Bel\u00e9m e Porto Alegre. &nbsp; [&hellip;]<\/p>\n","protected":false},"author":22,"featured_media":0,"comment_status":"open","ping_status":"closed","sticky":false,"template":"","format":"standard","meta":{"footnotes":""},"categories":[600],"tags":[229,320,1090,1092,1091,691],"class_list":["post-2854","post","type-post","status-publish","format-standard","hentry","category-economia","tag-banco-do-brasil","tag-estados","tag-paulo-rogerio-caffarelli","tag-saindo-do-castelo","tag-vice-presidentes","tag-vida-real"],"_links":{"self":[{"href":"https:\/\/blogs.correiobraziliense.com.br\/vicente\/wp-json\/wp\/v2\/posts\/2854","targetHints":{"allow":["GET"]}}],"collection":[{"href":"https:\/\/blogs.correiobraziliense.com.br\/vicente\/wp-json\/wp\/v2\/posts"}],"about":[{"href":"https:\/\/blogs.correiobraziliense.com.br\/vicente\/wp-json\/wp\/v2\/types\/post"}],"author":[{"embeddable":true,"href":"https:\/\/blogs.correiobraziliense.com.br\/vicente\/wp-json\/wp\/v2\/users\/22"}],"replies":[{"embeddable":true,"href":"https:\/\/blogs.correiobraziliense.com.br\/vicente\/wp-json\/wp\/v2\/comments?post=2854"}],"version-history":[{"count":1,"href":"https:\/\/blogs.correiobraziliense.com.br\/vicente\/wp-json\/wp\/v2\/posts\/2854\/revisions"}],"predecessor-version":[{"id":2856,"href":"https:\/\/blogs.correiobraziliense.com.br\/vicente\/wp-json\/wp\/v2\/posts\/2854\/revisions\/2856"}],"wp:attachment":[{"href":"https:\/\/blogs.correiobraziliense.com.br\/vicente\/wp-json\/wp\/v2\/media?parent=2854"}],"wp:term":[{"taxonomy":"category","embeddable":true,"href":"https:\/\/blogs.correiobraziliense.com.br\/vicente\/wp-json\/wp\/v2\/categories?post=2854"},{"taxonomy":"post_tag","embeddable":true,"href":"https:\/\/blogs.correiobraziliense.com.br\/vicente\/wp-json\/wp\/v2\/tags?post=2854"}],"curies":[{"name":"wp","href":"https:\/\/api.w.org\/{rel}","templated":true}]}}