{"id":2848,"date":"2016-08-24T17:11:47","date_gmt":"2016-08-24T20:11:47","guid":{"rendered":"https:\/\/blogs.correiobraziliense.com.br\/vicente\/?p=2848"},"modified":"2016-08-24T17:11:47","modified_gmt":"2016-08-24T20:11:47","slug":"reajuste-de-ministros-do-stf-e-do-pgr-sera-votada-em-8-de-setembro","status":"publish","type":"post","link":"https:\/\/blogs.correiobraziliense.com.br\/vicente\/reajuste-de-ministros-do-stf-e-do-pgr-sera-votada-em-8-de-setembro\/","title":{"rendered":"Reajustes de ministros do STF e do PGR ser\u00e3o votados em 8 de setembro"},"content":{"rendered":"<p>POR ANTONIO TEM\u00d3TEO<\/p>\n<p>&nbsp;<\/p>\n<p>O presidente do Senado Federal, Renan Calheiros (PMDB-AL), alterou a data de vota\u00e7\u00e3o dos projetos que reajustam os sal\u00e1rios dos ministros do Supremo Tribunal Federal (STF) e do Procurador-Geral da Rep\u00fablica (PGR) para 8 de setembro.<\/p>\n<p>&nbsp;<\/p>\n<p>Ele justifica que em 6 de setembro dever\u00e1 acompanhar o presidente da Rep\u00fablica interino, Michel Temer, em viagem \u00e0 China.<\/p>\n","protected":false},"excerpt":{"rendered":"<p>POR ANTONIO TEM\u00d3TEO &nbsp; O presidente do Senado Federal, Renan Calheiros (PMDB-AL), alterou a data de vota\u00e7\u00e3o dos projetos que reajustam os sal\u00e1rios dos ministros do Supremo Tribunal Federal (STF) e do Procurador-Geral da Rep\u00fablica (PGR) para 8 de setembro. &nbsp; Ele justifica que em 6 de setembro dever\u00e1 acompanhar o presidente da Rep\u00fablica interino, [&hellip;]<\/p>\n","protected":false},"author":22,"featured_media":0,"comment_status":"open","ping_status":"closed","sticky":false,"template":"","format":"standard","meta":{"footnotes":""},"categories":[600],"tags":[],"class_list":["post-2848","post","type-post","status-publish","format-standard","hentry","category-economia"],"_links":{"self":[{"href":"https:\/\/blogs.correiobraziliense.com.br\/vicente\/wp-json\/wp\/v2\/posts\/2848","targetHints":{"allow":["GET"]}}],"collection":[{"href":"https:\/\/blogs.correiobraziliense.com.br\/vicente\/wp-json\/wp\/v2\/posts"}],"about":[{"href":"https:\/\/blogs.correiobraziliense.com.br\/vicente\/wp-json\/wp\/v2\/types\/post"}],"author":[{"embeddable":true,"href":"https:\/\/blogs.correiobraziliense.com.br\/vicente\/wp-json\/wp\/v2\/users\/22"}],"replies":[{"embeddable":true,"href":"https:\/\/blogs.correiobraziliense.com.br\/vicente\/wp-json\/wp\/v2\/comments?post=2848"}],"version-history":[{"count":1,"href":"https:\/\/blogs.correiobraziliense.com.br\/vicente\/wp-json\/wp\/v2\/posts\/2848\/revisions"}],"predecessor-version":[{"id":2849,"href":"https:\/\/blogs.correiobraziliense.com.br\/vicente\/wp-json\/wp\/v2\/posts\/2848\/revisions\/2849"}],"wp:attachment":[{"href":"https:\/\/blogs.correiobraziliense.com.br\/vicente\/wp-json\/wp\/v2\/media?parent=2848"}],"wp:term":[{"taxonomy":"category","embeddable":true,"href":"https:\/\/blogs.correiobraziliense.com.br\/vicente\/wp-json\/wp\/v2\/categories?post=2848"},{"taxonomy":"post_tag","embeddable":true,"href":"https:\/\/blogs.correiobraziliense.com.br\/vicente\/wp-json\/wp\/v2\/tags?post=2848"}],"curies":[{"name":"wp","href":"https:\/\/api.w.org\/{rel}","templated":true}]}}