{"id":2846,"date":"2016-08-24T16:23:11","date_gmt":"2016-08-24T19:23:11","guid":{"rendered":"https:\/\/blogs.correiobraziliense.com.br\/vicente\/?p=2846"},"modified":"2016-08-24T22:50:36","modified_gmt":"2016-08-25T01:50:36","slug":"renan-tambem-votara-reajuste-para-procuradores-da-republicabro","status":"publish","type":"post","link":"https:\/\/blogs.correiobraziliense.com.br\/vicente\/renan-tambem-votara-reajuste-para-procuradores-da-republicabro\/","title":{"rendered":"Renan tamb\u00e9m votar\u00e1 reajuste para procuradores da Rep\u00fablica"},"content":{"rendered":"<p>POR ANTONIO TEM\u00d3TEO<\/p>\n<p>&nbsp;<\/p>\n<p>O presidente do Senado Federal, Renan Calheiros (PMDB-AL), afirma ao <strong>Blog\u00a0<\/strong>que os projetos de lei complementar que reajustam os sal\u00e1rios dos ministros do Supremo Tribunal Federal (STF) e do Procurador-Geral da Rep\u00fablica (PGR) ser\u00e3o votados em setembro.<\/p>\n<p>&nbsp;<\/p>\n<p>Segundo ele, causa estranheza o fato de diversos parlamentares se posicionarem de maneira contr\u00e1ria ao reajuste do subs\u00eddios dos ministros. &#8220;N\u00e3o podemos circunscrever a quest\u00e3o fiscal ao reajuste dos ministros. Havia concord\u00e2ncia para que a mat\u00e9ria fosse votada. O impacto fiscal do aumento dos sal\u00e1rios dos servidores do Judici\u00e1rio \u00e9 muito maior&#8221;, argumenta.<\/p>\n<p>&nbsp;<\/p>\n<p>Para a delibera\u00e7\u00e3o ocorrer em 8 de setembro, Renan, explica que esperar\u00e1 os projetos serem apreciados na Comiss\u00e3o de Assuntos Econ\u00f4micos (CAE) ou colocar\u00e1 em pauta requerimento de urg\u00eancia para que as propostas sejam votadas diretamente no plen\u00e1rio da Casa.<\/p>\n<p>&nbsp;<\/p>\n<p>No caso do reajuste para defensores p\u00fablicos, o presidente do Senado diz que analisar\u00e1 na tarde de hoje os recursos que questionam a aprova\u00e7\u00e3o da mat\u00e9ria.\u00a0O projeto que aumenta o valor dos contracheques da categoria\u00a0foi lido e aprovado depois do in\u00edcio da sess\u00e3o do Congresso. Pelo regimento, nenhuma comiss\u00e3o pode funcionar depois do in\u00edcio dos trabalhos em Plen\u00e1rio.<\/p>\n<p>&nbsp;<\/p>\n","protected":false},"excerpt":{"rendered":"<p>POR ANTONIO TEM\u00d3TEO &nbsp; O presidente do Senado Federal, Renan Calheiros (PMDB-AL), afirma ao Blog\u00a0que os projetos de lei complementar que reajustam os sal\u00e1rios dos ministros do Supremo Tribunal Federal (STF) e do Procurador-Geral da Rep\u00fablica (PGR) ser\u00e3o votados em setembro. &nbsp; Segundo ele, causa estranheza o fato de diversos parlamentares se posicionarem de maneira [&hellip;]<\/p>\n","protected":false},"author":22,"featured_media":0,"comment_status":"open","ping_status":"closed","sticky":false,"template":"","format":"standard","meta":{"footnotes":""},"categories":[600],"tags":[13,1073,191,264,186,1071,192],"class_list":["post-2846","post","type-post","status-publish","format-standard","hentry","category-economia","tag-ajuste-fiscal","tag-dpu","tag-pgr","tag-reajuste","tag-renan-calheiros","tag-senado-federal","tag-stf"],"_links":{"self":[{"href":"https:\/\/blogs.correiobraziliense.com.br\/vicente\/wp-json\/wp\/v2\/posts\/2846","targetHints":{"allow":["GET"]}}],"collection":[{"href":"https:\/\/blogs.correiobraziliense.com.br\/vicente\/wp-json\/wp\/v2\/posts"}],"about":[{"href":"https:\/\/blogs.correiobraziliense.com.br\/vicente\/wp-json\/wp\/v2\/types\/post"}],"author":[{"embeddable":true,"href":"https:\/\/blogs.correiobraziliense.com.br\/vicente\/wp-json\/wp\/v2\/users\/22"}],"replies":[{"embeddable":true,"href":"https:\/\/blogs.correiobraziliense.com.br\/vicente\/wp-json\/wp\/v2\/comments?post=2846"}],"version-history":[{"count":5,"href":"https:\/\/blogs.correiobraziliense.com.br\/vicente\/wp-json\/wp\/v2\/posts\/2846\/revisions"}],"predecessor-version":[{"id":2853,"href":"https:\/\/blogs.correiobraziliense.com.br\/vicente\/wp-json\/wp\/v2\/posts\/2846\/revisions\/2853"}],"wp:attachment":[{"href":"https:\/\/blogs.correiobraziliense.com.br\/vicente\/wp-json\/wp\/v2\/media?parent=2846"}],"wp:term":[{"taxonomy":"category","embeddable":true,"href":"https:\/\/blogs.correiobraziliense.com.br\/vicente\/wp-json\/wp\/v2\/categories?post=2846"},{"taxonomy":"post_tag","embeddable":true,"href":"https:\/\/blogs.correiobraziliense.com.br\/vicente\/wp-json\/wp\/v2\/tags?post=2846"}],"curies":[{"name":"wp","href":"https:\/\/api.w.org\/{rel}","templated":true}]}}