{"id":2838,"date":"2016-08-24T13:25:28","date_gmt":"2016-08-24T16:25:28","guid":{"rendered":"https:\/\/blogs.correiobraziliense.com.br\/vicente\/?p=2838"},"modified":"2016-08-24T15:56:13","modified_gmt":"2016-08-24T18:56:13","slug":"renan-compra-briga-e-colocara-em-votacao-aumento-de-salarios-de-ministros-do-supremo","status":"publish","type":"post","link":"https:\/\/blogs.correiobraziliense.com.br\/vicente\/renan-compra-briga-e-colocara-em-votacao-aumento-de-salarios-de-ministros-do-supremo\/","title":{"rendered":"Renan compra briga e colocar\u00e1 em vota\u00e7\u00e3o aumento de sal\u00e1rios de ministros do Supremo"},"content":{"rendered":"<p>POR ANTONIO TEM\u00d3TEO<\/p>\n<p>&nbsp;<\/p>\n<p>O racha da base aliada em rela\u00e7\u00e3o ao aumento de sal\u00e1rios do funcionalismo p\u00fablico foi escancarado hoje pelo presidente do Senado, Renan Calheiros. Apesar de todas as criticas e do apelo do Pal\u00e1cio do Planalto para que o Congresso n\u00e3o aprove reajustes a servidores, ele diz que a corre\u00e7\u00e3o dos rendimentos dos ministros do Supremo Tribunal Federal (STF) ser\u00e1 votada em 6 de setembro pr\u00f3ximo. Se aprovada, a medida resultar\u00e1 em um efeito cascata, que agravar\u00e1 ainda mais a situa\u00e7\u00e3o das contas da Uni\u00e3o, de estados e de munic\u00edpios.<\/p>\n<p>&nbsp;<\/p>\n<p>Para Renan, as cr\u00edticas ao reajustes s\u00e3o uma &#8220;pequenez&#8221;, pois o aumento \u00e9 justific\u00e1vel. As principais vozes contr\u00e1rias \u00e0 corre\u00e7\u00e3o de sal\u00e1rios v\u00eam do PSDB e do DEM, sob a alega\u00e7\u00e3o de que, ao ceder ao funcionalismo e elevar o teto do funcionalismo, o Congresso estar\u00e1 pondo em risco o ajuste fiscal. Relator do projeto que trata do reajuste dos subs\u00eddios dos ministros do STF na Comiss\u00e3o de Assuntos Econ\u00f4micos (CAE), o senador Ricardo Ferra\u00e7o (PSDB-ES) deu parecer contr\u00e1rio \u00e0 medida devido \u00e0 grave crise econ\u00f4mica que o pa\u00eds enfrenta.<\/p>\n<p>&nbsp;<\/p>\n<p>Pelo projeto que depende de aprova\u00e7\u00e3o no Senado, os sal\u00e1rios dos ministros passar\u00e3o de R$ 33 mil e R$ 39 mil. O governo considera esse aumento uma loucura neste momento em que a equipe econ\u00f4mica tenta convencer os agentes produtivos e o mercado financeiro de que o ajuste fiscal \u00e9 para valer. Renan afirma, contudo, que o impacto do reajuste para a Uni\u00e3o seria m\u00ednimo, de R$ 200 milh\u00f5es em 2016.<\/p>\n<p>&nbsp;<\/p>\n<p>Al\u00e9m do reajustes aos ministros do Supremo, 10 projetos de lei est\u00e3o tramitando no Congresso prevendo corre\u00e7\u00e3o salarial para servidores. A lista inclui carreiras com grande poder de mobiliza\u00e7\u00e3o, como os auditores da Receita Federal e os policiais federais. Os acordos para os aumentos foram fechados ainda no governo de Dilma Rousseff e encaminhados ao Legislativo pelo presidente interino, Michel Temer, preocupado com poss\u00edveis greves no meio das Olimp\u00edadas do Rio.<\/p>\n<p>&nbsp;<\/p>\n<p>&#8220;N\u00e3o vamos votar hoje o requerimento, mas vamos votar a mat\u00e9ria no dia 6, na v\u00e9spera do feriado. N\u00f3s vamos votar o reajuste em plen\u00e1rio no dia 6. \u00c9 um compromisso que tenho e levarei a cabo&#8221;, afirma Renan. E acrescenta: &#8220;Claro que eu sei que existem resist\u00eancias e n\u00f3s precisamos mais do que nunca fazer o ajuste fiscal para que a economia responda, mas esse \u00e9 um compromisso constitucional, uma exig\u00eancia legal que temos que resolver&#8221;.<\/p>\n<p>&nbsp;<\/p>\n<p>Na avalia\u00e7\u00e3o do presidente do Senado, o problema do ajuste fiscal n\u00e3o \u00e9 do Judici\u00e1rio. &#8220;Isso \u00e9 uma pequenez que restringe muito a discuss\u00e3o e n\u00e3o d\u00e1 para concordar com ela&#8221;, frisa. Ele ressalta ainda que n\u00e3o h\u00e1 porque se preocupar com o efeito cascata provocado pelo aumento do teto do funcionalismo, pois o Congresso tem ajudado os estados e os munic\u00edpios com medidas como a renegocia\u00e7\u00e3o das d\u00edvidas.<\/p>\n<p>&nbsp;<\/p>\n<p><em> Bras\u00edlia, 13h25min<\/em><\/p>\n","protected":false},"excerpt":{"rendered":"<p>POR ANTONIO TEM\u00d3TEO &nbsp; O racha da base aliada em rela\u00e7\u00e3o ao aumento de sal\u00e1rios do funcionalismo p\u00fablico foi escancarado hoje pelo presidente do Senado, Renan Calheiros. Apesar de todas as criticas e do apelo do Pal\u00e1cio do Planalto para que o Congresso n\u00e3o aprove reajustes a servidores, ele diz que a corre\u00e7\u00e3o dos rendimentos [&hellip;]<\/p>\n","protected":false},"author":22,"featured_media":0,"comment_status":"open","ping_status":"closed","sticky":false,"template":"","format":"standard","meta":{"footnotes":""},"categories":[600],"tags":[1089,108,264,186,122,586,192],"class_list":["post-2838","post","type-post","status-publish","format-standard","hentry","category-economia","tag-6-de-setembro","tag-cae","tag-reajuste","tag-renan-calheiros","tag-salarios","tag-senado","tag-stf"],"_links":{"self":[{"href":"https:\/\/blogs.correiobraziliense.com.br\/vicente\/wp-json\/wp\/v2\/posts\/2838","targetHints":{"allow":["GET"]}}],"collection":[{"href":"https:\/\/blogs.correiobraziliense.com.br\/vicente\/wp-json\/wp\/v2\/posts"}],"about":[{"href":"https:\/\/blogs.correiobraziliense.com.br\/vicente\/wp-json\/wp\/v2\/types\/post"}],"author":[{"embeddable":true,"href":"https:\/\/blogs.correiobraziliense.com.br\/vicente\/wp-json\/wp\/v2\/users\/22"}],"replies":[{"embeddable":true,"href":"https:\/\/blogs.correiobraziliense.com.br\/vicente\/wp-json\/wp\/v2\/comments?post=2838"}],"version-history":[{"count":7,"href":"https:\/\/blogs.correiobraziliense.com.br\/vicente\/wp-json\/wp\/v2\/posts\/2838\/revisions"}],"predecessor-version":[{"id":2845,"href":"https:\/\/blogs.correiobraziliense.com.br\/vicente\/wp-json\/wp\/v2\/posts\/2838\/revisions\/2845"}],"wp:attachment":[{"href":"https:\/\/blogs.correiobraziliense.com.br\/vicente\/wp-json\/wp\/v2\/media?parent=2838"}],"wp:term":[{"taxonomy":"category","embeddable":true,"href":"https:\/\/blogs.correiobraziliense.com.br\/vicente\/wp-json\/wp\/v2\/categories?post=2838"},{"taxonomy":"post_tag","embeddable":true,"href":"https:\/\/blogs.correiobraziliense.com.br\/vicente\/wp-json\/wp\/v2\/tags?post=2838"}],"curies":[{"name":"wp","href":"https:\/\/api.w.org\/{rel}","templated":true}]}}