{"id":2830,"date":"2016-08-23T16:40:05","date_gmt":"2016-08-23T19:40:05","guid":{"rendered":"https:\/\/blogs.correiobraziliense.com.br\/vicente\/?p=2830"},"modified":"2016-08-23T17:12:50","modified_gmt":"2016-08-23T20:12:50","slug":"renan-vai-avaliar-recursos-contra-reajuste-defensores-publicos","status":"publish","type":"post","link":"https:\/\/blogs.correiobraziliense.com.br\/vicente\/renan-vai-avaliar-recursos-contra-reajuste-defensores-publicos\/","title":{"rendered":"Renan vai avaliar recursos contra reajuste a defensores p\u00fablicos"},"content":{"rendered":"<p>POR ANTONIO TEM\u00d3TEO<\/p>\n<p>&nbsp;<\/p>\n<p>O presidente do Congresso, senador Renan Calheiros, diz, em conversa com o <strong>Blog<\/strong>, que j\u00e1 recebeu uma s\u00e9rie de recursos contra a aprova\u00e7\u00e3o do reajuste de sal\u00e1rios dos servidores da Defensoria P\u00fablica da Uni\u00e3o (DPU). &#8220;Vamos avaliar todos os argumentos sem ju\u00edzo de valor&#8221;, afirma.<\/p>\n<p>&nbsp;<\/p>\n<p>A pol\u00eamica em torno do aumento de sal\u00e1rios se instalou hoje pela manh\u00e3, quando a Comiss\u00e3o de Assuntos Econ\u00f4micos (CAE) do Senado aprovou o benef\u00edcio aos servidores. O projeto propondo o reajuste foi lido e aprovado depois do in\u00edcio da sess\u00e3o do Congresso. Pelo regimento, nenhuma comiss\u00e3o pode funcionar depois do in\u00edcio dos trabalhos em Plen\u00e1rio.<\/p>\n<p>&nbsp;<\/p>\n<p>Presidente da CAE e relatora do projeto de lei que beneficia os defensores p\u00fablicos, a senadora Gleisi Hoffmann pediu a Renan que mantenha o que foi aprovado. Ele afirmou que o pedido da senadora ser\u00e1 levado em considera\u00e7\u00e3o na an\u00e1lise feita nos pr\u00f3ximos dias.<\/p>\n<p>&nbsp;<\/p>\n<p>Os defensores p\u00fablicos est\u00e3o em greve h\u00e1 mais de um m\u00eas cobrando aumento de sal\u00e1rios. Somente os servi\u00e7os essenciais est\u00e3o sendo prestados. Os maiores prejudicados s\u00e3o os mais pobres, por n\u00e3o terem condi\u00e7\u00f5es de pagar advogados.<\/p>\n<p>&nbsp;<\/p>\n<p><em>Bras\u00edlia, 16h40min<\/em><\/p>\n","protected":false},"excerpt":{"rendered":"<p>POR ANTONIO TEM\u00d3TEO &nbsp; O presidente do Congresso, senador Renan Calheiros, diz, em conversa com o Blog, que j\u00e1 recebeu uma s\u00e9rie de recursos contra a aprova\u00e7\u00e3o do reajuste de sal\u00e1rios dos servidores da Defensoria P\u00fablica da Uni\u00e3o (DPU). &#8220;Vamos avaliar todos os argumentos sem ju\u00edzo de valor&#8221;, afirma. &nbsp; A pol\u00eamica em torno do [&hellip;]<\/p>\n","protected":false},"author":22,"featured_media":0,"comment_status":"open","ping_status":"closed","sticky":false,"template":"","format":"standard","meta":{"footnotes":""},"categories":[600],"tags":[1085,1086,347,264,186,85],"class_list":["post-2830","post","type-post","status-publish","format-standard","hentry","category-economia","tag-defensores-publicos-da-uniao","tag-gleisi-hoffl","tag-greve","tag-reajuste","tag-renan-calheiros","tag-salario"],"_links":{"self":[{"href":"https:\/\/blogs.correiobraziliense.com.br\/vicente\/wp-json\/wp\/v2\/posts\/2830","targetHints":{"allow":["GET"]}}],"collection":[{"href":"https:\/\/blogs.correiobraziliense.com.br\/vicente\/wp-json\/wp\/v2\/posts"}],"about":[{"href":"https:\/\/blogs.correiobraziliense.com.br\/vicente\/wp-json\/wp\/v2\/types\/post"}],"author":[{"embeddable":true,"href":"https:\/\/blogs.correiobraziliense.com.br\/vicente\/wp-json\/wp\/v2\/users\/22"}],"replies":[{"embeddable":true,"href":"https:\/\/blogs.correiobraziliense.com.br\/vicente\/wp-json\/wp\/v2\/comments?post=2830"}],"version-history":[{"count":1,"href":"https:\/\/blogs.correiobraziliense.com.br\/vicente\/wp-json\/wp\/v2\/posts\/2830\/revisions"}],"predecessor-version":[{"id":2831,"href":"https:\/\/blogs.correiobraziliense.com.br\/vicente\/wp-json\/wp\/v2\/posts\/2830\/revisions\/2831"}],"wp:attachment":[{"href":"https:\/\/blogs.correiobraziliense.com.br\/vicente\/wp-json\/wp\/v2\/media?parent=2830"}],"wp:term":[{"taxonomy":"category","embeddable":true,"href":"https:\/\/blogs.correiobraziliense.com.br\/vicente\/wp-json\/wp\/v2\/categories?post=2830"},{"taxonomy":"post_tag","embeddable":true,"href":"https:\/\/blogs.correiobraziliense.com.br\/vicente\/wp-json\/wp\/v2\/tags?post=2830"}],"curies":[{"name":"wp","href":"https:\/\/api.w.org\/{rel}","templated":true}]}}