{"id":2828,"date":"2016-08-23T13:29:43","date_gmt":"2016-08-23T16:29:43","guid":{"rendered":"https:\/\/blogs.correiobraziliense.com.br\/vicente\/?p=2828"},"modified":"2016-08-23T15:31:45","modified_gmt":"2016-08-23T18:31:45","slug":"padilha-diz-que-governo-nao-quer-saber-de-reajuste-de-servidor-ate-aprovacao-do-impeachment","status":"publish","type":"post","link":"https:\/\/blogs.correiobraziliense.com.br\/vicente\/padilha-diz-que-governo-nao-quer-saber-de-reajuste-de-servidor-ate-aprovacao-do-impeachment\/","title":{"rendered":"Padilha diz que governo n\u00e3o quer saber de reajuste de servidor at\u00e9 a aprova\u00e7\u00e3o do impeachment"},"content":{"rendered":"<p>HAMILTON FERRARI<\/p>\n<p>&nbsp;<\/p>\n<p>O governo n\u00e3o recuar\u00e1 um mil\u00edmetro na decis\u00e3o de suspender os reajustes de servidores at\u00e9 a aprova\u00e7\u00e3o do impeachment definitivo de Dilma Rousseff. &#8220;N\u00e3o haver\u00e1 exce\u00e7\u00f5es&#8221;, afirma o ministro da Casa Civil, Eliseu Padilha, em resposta a categorias importantes, como os auditores da Receita Federal e os policiais federais, que contavam com a aprova\u00e7\u00e3o, pelo Congresso, dos projetos de lei garantindo a corre\u00e7\u00e3o das remunera\u00e7\u00f5es.<\/p>\n<p>&nbsp;<\/p>\n<p>Segundo Padilha, que est\u00e1 no Rio, a decis\u00e3o de suspender os reajustes ao funcionalismo foi tomada por um colegiado do governo. &#8220;N\u00e3o havia clima na base aliada para aprovar mais reajustes. Era necess\u00e1rio suspender esse tipo de tratativa at\u00e9 depois da vota\u00e7\u00e3o do processo de impeachment. At\u00e9 passar o impeachment, o governo n\u00e3o falar\u00e1 em reajuste para nenhuma categoria&#8221; afirma. Ele destaca ainda que &#8220;n\u00e3o houve especifica\u00e7\u00e3o, mas generalidades&#8221;.<\/p>\n<p>&nbsp;<\/p>\n<p>Ciente das dificuldades do governo para levar adiante projetos importantes para o ajuste fiscal, o ministro destaca a import\u00e2ncia de se aprovar a reforma da Previd\u00eancia, que instituir\u00e1 idade m\u00ednima para aposentadoria de homens (65 anos) e mulheres (62 anos), e a Proposta de Emenda \u00e0 Constitui\u00e7\u00e3o (PEC) que limita o aumento de gastos \u00e0 infla\u00e7\u00e3o do ano anterior.<\/p>\n<p>&nbsp;<\/p>\n<p><em>Bras\u00edlia, 13h29min<\/em><\/p>\n","protected":false},"excerpt":{"rendered":"<p>HAMILTON FERRARI &nbsp; O governo n\u00e3o recuar\u00e1 um mil\u00edmetro na decis\u00e3o de suspender os reajustes de servidores at\u00e9 a aprova\u00e7\u00e3o do impeachment definitivo de Dilma Rousseff. &#8220;N\u00e3o haver\u00e1 exce\u00e7\u00f5es&#8221;, afirma o ministro da Casa Civil, Eliseu Padilha, em resposta a categorias importantes, como os auditores da Receita Federal e os policiais federais, que contavam com [&hellip;]<\/p>\n","protected":false},"author":22,"featured_media":0,"comment_status":"open","ping_status":"closed","sticky":false,"template":"","format":"standard","meta":{"footnotes":""},"categories":[600],"tags":[564,62,658,124,933,123,1084],"class_list":["post-2828","post","type-post","status-publish","format-standard","hentry","category-economia","tag-eliseu-padilha","tag-impeachment","tag-pec-dos-gastos","tag-reajustes","tag-reforma-da-previdencia","tag-servidores","tag-suspensao"],"_links":{"self":[{"href":"https:\/\/blogs.correiobraziliense.com.br\/vicente\/wp-json\/wp\/v2\/posts\/2828","targetHints":{"allow":["GET"]}}],"collection":[{"href":"https:\/\/blogs.correiobraziliense.com.br\/vicente\/wp-json\/wp\/v2\/posts"}],"about":[{"href":"https:\/\/blogs.correiobraziliense.com.br\/vicente\/wp-json\/wp\/v2\/types\/post"}],"author":[{"embeddable":true,"href":"https:\/\/blogs.correiobraziliense.com.br\/vicente\/wp-json\/wp\/v2\/users\/22"}],"replies":[{"embeddable":true,"href":"https:\/\/blogs.correiobraziliense.com.br\/vicente\/wp-json\/wp\/v2\/comments?post=2828"}],"version-history":[{"count":1,"href":"https:\/\/blogs.correiobraziliense.com.br\/vicente\/wp-json\/wp\/v2\/posts\/2828\/revisions"}],"predecessor-version":[{"id":2829,"href":"https:\/\/blogs.correiobraziliense.com.br\/vicente\/wp-json\/wp\/v2\/posts\/2828\/revisions\/2829"}],"wp:attachment":[{"href":"https:\/\/blogs.correiobraziliense.com.br\/vicente\/wp-json\/wp\/v2\/media?parent=2828"}],"wp:term":[{"taxonomy":"category","embeddable":true,"href":"https:\/\/blogs.correiobraziliense.com.br\/vicente\/wp-json\/wp\/v2\/categories?post=2828"},{"taxonomy":"post_tag","embeddable":true,"href":"https:\/\/blogs.correiobraziliense.com.br\/vicente\/wp-json\/wp\/v2\/tags?post=2828"}],"curies":[{"name":"wp","href":"https:\/\/api.w.org\/{rel}","templated":true}]}}