{"id":2785,"date":"2016-08-23T11:10:39","date_gmt":"2016-08-23T14:10:39","guid":{"rendered":"https:\/\/blogs.correiobraziliense.com.br\/vicente\/?p=2785"},"modified":"2016-08-23T11:35:39","modified_gmt":"2016-08-23T14:35:39","slug":"servidores-invadem-o-senado-para-pressionar-por-reajuste-de-salario","status":"publish","type":"post","link":"https:\/\/blogs.correiobraziliense.com.br\/vicente\/servidores-invadem-o-senado-para-pressionar-por-reajuste-de-salario\/","title":{"rendered":"Servidores invadem o Senado para pressionar por reajuste de sal\u00e1rio"},"content":{"rendered":"<p>POR PAULO SILVA PINTO<\/p>\n<p>&nbsp;<\/p>\n<p>A Comiss\u00e3o de Assuntos Econ\u00f4micos (CAE) do Senado se transformou emum grande palco para manifesta\u00e7\u00f5es de servidores que cobram reajustes de sal\u00e1rios. A sess\u00e3o de hoje, na qual o senador Ricardo Ferra\u00e7o (PSDB-ES) apresentou relat\u00f3rio rejeitando o aumento das remunera\u00e7\u00f5es de ministros do Supremo Tribunal Federal (STF), est\u00e1 tomada por representantes do funcionalismo.<\/p>\n<p>&nbsp;<\/p>\n<p><a href=\"https:\/\/blogs.correiobraziliense.com.br\/vicente\/wp-content\/uploads\/sites\/16\/2016\/08\/Cae3.jpg\" rel=\"attachment wp-att-2790\"><img loading=\"lazy\" decoding=\"async\" class=\"alignnone  wp-image-2790\" src=\"https:\/\/blogs.correiobraziliense.com.br\/vicente\/wp-content\/uploads\/sites\/16\/2016\/08\/Cae3-300x169.jpg\" alt=\"Cae3\" width=\"469\" height=\"264\" srcset=\"https:\/\/blogs.correiobraziliense.com.br\/vicente\/wp-content\/uploads\/sites\/16\/2016\/08\/Cae3-300x169.jpg 300w, https:\/\/blogs.correiobraziliense.com.br\/vicente\/wp-content\/uploads\/sites\/16\/2016\/08\/Cae3-768x432.jpg 768w, https:\/\/blogs.correiobraziliense.com.br\/vicente\/wp-content\/uploads\/sites\/16\/2016\/08\/Cae3-1024x576.jpg 1024w, https:\/\/blogs.correiobraziliense.com.br\/vicente\/wp-content\/uploads\/sites\/16\/2016\/08\/Cae3-350x197.jpg 350w, https:\/\/blogs.correiobraziliense.com.br\/vicente\/wp-content\/uploads\/sites\/16\/2016\/08\/Cae3-550x309.jpg 550w, https:\/\/blogs.correiobraziliense.com.br\/vicente\/wp-content\/uploads\/sites\/16\/2016\/08\/Cae3-230x129.jpg 230w, https:\/\/blogs.correiobraziliense.com.br\/vicente\/wp-content\/uploads\/sites\/16\/2016\/08\/Cae3.jpg 1280w\" sizes=\"auto, (max-width: 469px) 100vw, 469px\" \/><\/a><\/p>\n<p>&nbsp;<\/p>\n<p>A comiss\u00e3o est\u00e1 t\u00e3o cheia, que muitas pessoas est\u00e3o se aglomerando nos corredores do Senado. A movimenta\u00e7\u00e3o dos servidores cresceu diante da recomenda\u00e7\u00e3o do presidente interino, Michel Temer, feita aos l\u00edderes partid\u00e1rios para n\u00e3o apoiar qualquer projeto que resulte em reajuste de sal\u00e1rio aos servidores.<\/p>\n<p>&nbsp;<\/p>\n<p><a href=\"https:\/\/blogs.correiobraziliense.com.br\/vicente\/wp-content\/uploads\/sites\/16\/2016\/08\/Cae4.jpg\" rel=\"attachment wp-att-2791\"><img loading=\"lazy\" decoding=\"async\" class=\"alignnone  wp-image-2791\" src=\"https:\/\/blogs.correiobraziliense.com.br\/vicente\/wp-content\/uploads\/sites\/16\/2016\/08\/Cae4-300x169.jpg\" alt=\"Cae4\" width=\"472\" height=\"266\" srcset=\"https:\/\/blogs.correiobraziliense.com.br\/vicente\/wp-content\/uploads\/sites\/16\/2016\/08\/Cae4-300x169.jpg 300w, https:\/\/blogs.correiobraziliense.com.br\/vicente\/wp-content\/uploads\/sites\/16\/2016\/08\/Cae4-768x432.jpg 768w, https:\/\/blogs.correiobraziliense.com.br\/vicente\/wp-content\/uploads\/sites\/16\/2016\/08\/Cae4-1024x576.jpg 1024w, https:\/\/blogs.correiobraziliense.com.br\/vicente\/wp-content\/uploads\/sites\/16\/2016\/08\/Cae4-350x197.jpg 350w, https:\/\/blogs.correiobraziliense.com.br\/vicente\/wp-content\/uploads\/sites\/16\/2016\/08\/Cae4-550x309.jpg 550w, https:\/\/blogs.correiobraziliense.com.br\/vicente\/wp-content\/uploads\/sites\/16\/2016\/08\/Cae4-230x129.jpg 230w, https:\/\/blogs.correiobraziliense.com.br\/vicente\/wp-content\/uploads\/sites\/16\/2016\/08\/Cae4.jpg 1280w\" sizes=\"auto, (max-width: 472px) 100vw, 472px\" \/><\/a><\/p>\n<p>&nbsp;<\/p>\n<p>Ao pedir a suspens\u00e3o dos projetos que aumentam sal\u00e1rios do funcionalismo, Michel Temer quer dar um sinal aos investidores de que o governo est\u00e1 realmente comprometido com o ajuste fiscal. Os reajustes s\u00e3o considerados incompat\u00edveis com a Proposta de Emenda \u00e0 Constitui\u00e7\u00e3o (PEC) que limita a corre\u00e7\u00e3o dos gastos \u00e0 infla\u00e7\u00e3o do ano anterior.<\/p>\n<p>&nbsp;<\/p>\n<p>Al\u00e9m dos ministros do Supremo, que pleiteiam aumento de R$ 33 mil para R$ 39 mil, est\u00e3o com projetos tramitando no Congresso auditores da Receita Federal e policiais federais. A tens\u00e3o entre eles cresceu muito desde ontem, quando a conversa entre Temer e os l\u00edderes partid\u00e1rios sobre a suspens\u00e3o dos aumentos salariais se tornou p\u00fablica.<\/p>\n<p>&nbsp;<\/p>\n<p><em>Bras\u00edlia, 11h10min<\/em><\/p>\n","protected":false},"excerpt":{"rendered":"<p>POR PAULO SILVA PINTO &nbsp; A Comiss\u00e3o de Assuntos Econ\u00f4micos (CAE) do Senado se transformou emum grande palco para manifesta\u00e7\u00f5es de servidores que cobram reajustes de sal\u00e1rios. A sess\u00e3o de hoje, na qual o senador Ricardo Ferra\u00e7o (PSDB-ES) apresentou relat\u00f3rio rejeitando o aumento das remunera\u00e7\u00f5es de ministros do Supremo Tribunal Federal (STF), est\u00e1 tomada por [&hellip;]<\/p>\n","protected":false},"author":22,"featured_media":0,"comment_status":"open","ping_status":"closed","sticky":false,"template":"","format":"standard","meta":{"footnotes":""},"categories":[600],"tags":[108,1074,111,1075,124,123],"class_list":["post-2785","post","type-post","status-publish","format-standard","hentry","category-economia","tag-cae","tag-lideres-partidarios","tag-michel-temer","tag-ministros-do-stf","tag-reajustes","tag-servidores"],"_links":{"self":[{"href":"https:\/\/blogs.correiobraziliense.com.br\/vicente\/wp-json\/wp\/v2\/posts\/2785","targetHints":{"allow":["GET"]}}],"collection":[{"href":"https:\/\/blogs.correiobraziliense.com.br\/vicente\/wp-json\/wp\/v2\/posts"}],"about":[{"href":"https:\/\/blogs.correiobraziliense.com.br\/vicente\/wp-json\/wp\/v2\/types\/post"}],"author":[{"embeddable":true,"href":"https:\/\/blogs.correiobraziliense.com.br\/vicente\/wp-json\/wp\/v2\/users\/22"}],"replies":[{"embeddable":true,"href":"https:\/\/blogs.correiobraziliense.com.br\/vicente\/wp-json\/wp\/v2\/comments?post=2785"}],"version-history":[{"count":1,"href":"https:\/\/blogs.correiobraziliense.com.br\/vicente\/wp-json\/wp\/v2\/posts\/2785\/revisions"}],"predecessor-version":[{"id":2792,"href":"https:\/\/blogs.correiobraziliense.com.br\/vicente\/wp-json\/wp\/v2\/posts\/2785\/revisions\/2792"}],"wp:attachment":[{"href":"https:\/\/blogs.correiobraziliense.com.br\/vicente\/wp-json\/wp\/v2\/media?parent=2785"}],"wp:term":[{"taxonomy":"category","embeddable":true,"href":"https:\/\/blogs.correiobraziliense.com.br\/vicente\/wp-json\/wp\/v2\/categories?post=2785"},{"taxonomy":"post_tag","embeddable":true,"href":"https:\/\/blogs.correiobraziliense.com.br\/vicente\/wp-json\/wp\/v2\/tags?post=2785"}],"curies":[{"name":"wp","href":"https:\/\/api.w.org\/{rel}","templated":true}]}}