{"id":2759,"date":"2016-08-20T14:10:35","date_gmt":"2016-08-20T17:10:35","guid":{"rendered":"https:\/\/blogs.correiobraziliense.com.br\/vicente\/?p=2759"},"modified":"2016-08-20T15:25:54","modified_gmt":"2016-08-20T18:25:54","slug":"quer-saber-como-reforma-da-previdencia-atingira-voce-assista-ao-novo-economia-no-sofa","status":"publish","type":"post","link":"https:\/\/blogs.correiobraziliense.com.br\/vicente\/quer-saber-como-reforma-da-previdencia-atingira-voce-assista-ao-novo-economia-no-sofa\/","title":{"rendered":"Quer saber como a reforma da Previd\u00eancia atingir\u00e1 voc\u00ea? Assista ao novo Economia no sof\u00e1"},"content":{"rendered":"<p>Est\u00e1 no ar a nova edi\u00e7\u00e3o do Economia no sof\u00e1. Veja como a reforma da Previd\u00eancia que est\u00e1 sendo proposta pelo governo vai afetar a sua vida.<\/p>\n<p>&nbsp;<\/p>\n<p>Saiba, tamb\u00e9m, como evitar as armadilhas das compras a prazo no pa\u00eds dos maiores juros do mundo e o que fazer com a restitui\u00e7\u00e3o do Imposto de Renda.<\/p>\n<p>&nbsp;<\/p>\n<p><iframe loading=\"lazy\" title=\"Economia no Sof\u00e1 #3\" width=\"1440\" height=\"810\" src=\"https:\/\/www.youtube.com\/embed\/f7ZkSIWOhx8?feature=oembed\" frameborder=\"0\" allow=\"accelerometer; autoplay; clipboard-write; encrypted-media; gyroscope; picture-in-picture; web-share\" referrerpolicy=\"strict-origin-when-cross-origin\" allowfullscreen><\/iframe><\/p>\n<p>&nbsp;<\/p>\n<p>Sugest\u00e3o de pautas, elogios, cr\u00edticas, d\u00favidas: mande para o e-mail economianosofa@gmail.com.<\/p>\n<p>&nbsp;<\/p>\n<p>Bom programa.<\/p>\n<p>&nbsp;<\/p>\n<p>&nbsp;<\/p>\n","protected":false},"excerpt":{"rendered":"<p>Est\u00e1 no ar a nova edi\u00e7\u00e3o do Economia no sof\u00e1. Veja como a reforma da Previd\u00eancia que est\u00e1 sendo proposta pelo governo vai afetar a sua vida. &nbsp; Saiba, tamb\u00e9m, como evitar as armadilhas das compras a prazo no pa\u00eds dos maiores juros do mundo e o que fazer com a restitui\u00e7\u00e3o do Imposto de [&hellip;]<\/p>\n","protected":false},"author":22,"featured_media":2761,"comment_status":"open","ping_status":"closed","sticky":false,"template":"","format":"standard","meta":{"footnotes":""},"categories":[600],"tags":[1051,1054,1053,959,964,1050,1052,961,963],"class_list":["post-2759","post","type-post","status-publish","format-standard","has-post-thumbnail","hentry","category-economia","tag-armadilhas-das-compras-a-prazo","tag-bruna-soares","tag-celia-perrone","tag-economia-no-sofa","tag-hamilton-ferrari","tag-reforma-de-previdencia","tag-restituicao-do-ir","tag-rosana-hessel","tag-vera-batista"],"_links":{"self":[{"href":"https:\/\/blogs.correiobraziliense.com.br\/vicente\/wp-json\/wp\/v2\/posts\/2759","targetHints":{"allow":["GET"]}}],"collection":[{"href":"https:\/\/blogs.correiobraziliense.com.br\/vicente\/wp-json\/wp\/v2\/posts"}],"about":[{"href":"https:\/\/blogs.correiobraziliense.com.br\/vicente\/wp-json\/wp\/v2\/types\/post"}],"author":[{"embeddable":true,"href":"https:\/\/blogs.correiobraziliense.com.br\/vicente\/wp-json\/wp\/v2\/users\/22"}],"replies":[{"embeddable":true,"href":"https:\/\/blogs.correiobraziliense.com.br\/vicente\/wp-json\/wp\/v2\/comments?post=2759"}],"version-history":[{"count":1,"href":"https:\/\/blogs.correiobraziliense.com.br\/vicente\/wp-json\/wp\/v2\/posts\/2759\/revisions"}],"predecessor-version":[{"id":2760,"href":"https:\/\/blogs.correiobraziliense.com.br\/vicente\/wp-json\/wp\/v2\/posts\/2759\/revisions\/2760"}],"wp:featuredmedia":[{"embeddable":true,"href":"https:\/\/blogs.correiobraziliense.com.br\/vicente\/wp-json\/wp\/v2\/media\/2761"}],"wp:attachment":[{"href":"https:\/\/blogs.correiobraziliense.com.br\/vicente\/wp-json\/wp\/v2\/media?parent=2759"}],"wp:term":[{"taxonomy":"category","embeddable":true,"href":"https:\/\/blogs.correiobraziliense.com.br\/vicente\/wp-json\/wp\/v2\/categories?post=2759"},{"taxonomy":"post_tag","embeddable":true,"href":"https:\/\/blogs.correiobraziliense.com.br\/vicente\/wp-json\/wp\/v2\/tags?post=2759"}],"curies":[{"name":"wp","href":"https:\/\/api.w.org\/{rel}","templated":true}]}}