{"id":2756,"date":"2016-08-20T10:23:56","date_gmt":"2016-08-20T13:23:56","guid":{"rendered":"https:\/\/blogs.correiobraziliense.com.br\/vicente\/?p=2756"},"modified":"2016-08-20T13:44:40","modified_gmt":"2016-08-20T16:44:40","slug":"greve-na-defensoria-publica-prejudica-os-mais-pobres","status":"publish","type":"post","link":"https:\/\/blogs.correiobraziliense.com.br\/vicente\/greve-na-defensoria-publica-prejudica-os-mais-pobres\/","title":{"rendered":"Greve na Defensoria P\u00fablica prejudica os mais pobres"},"content":{"rendered":"<p>POR HAMILTON FERRARI<\/p>\n<p>&nbsp;<\/p>\n<p>Os servidores p\u00fablicos t\u00eam todo o direito de reivindicar aumentos de sal\u00e1rios e melhorias das condi\u00e7\u00f5es de trabalho. Mas devem se conscientizar de que os maiores prejudicados s\u00e3o os mais pobres. Isso fica claro no movimento deflagrado pela Defensoria P\u00fablica da Uni\u00e3o (DPU), que defende os direitos da popula\u00e7\u00e3o menos abastada.<\/p>\n<p>&nbsp;<\/p>\n<p>De bra\u00e7os cruzados h\u00e1 um m\u00eas, os defensores p\u00fablicos dizem que s\u00f3 voltar\u00e3o \u00e0s atividades quando for aprovado o PLC 32\/2016, que reajusta o sal\u00e1rio da carreira. Apenas as demandas urgentes da popula\u00e7\u00e3o, que caracterize risco \u00e0 sa\u00fade e \u00e0 vida est\u00e3o sendo atendidas.<\/p>\n<p>&nbsp;<\/p>\n<p>A Associa\u00e7\u00e3o Nacional dos Defensores P\u00fablicos Federais (Anadef) informa que o Minist\u00e9rio do Planejamento est\u00e1 fazendo \u201cbirra\u201d e tenta barrar a aprova\u00e7\u00e3o do projeto no Congresso. A entidade ressalta que o minist\u00e9rio fechou acordo com os defensores no ano passado, mas voltou atr\u00e1s alegando que o reajuste provocar\u00e1 um efeito cascata, aumentando o sal\u00e1rio dos defensores estaduais e municipais.<\/p>\n<p>&nbsp;<\/p>\n<p>\u201cNossa pol\u00edtica de remunera\u00e7\u00e3o \u00e9 totalmente desvinculada de estados e munuc\u00edpios. Qualquer mudan\u00e7a nos nossos sal\u00e1rios n\u00e3o afetar\u00e1 os rendimentos dos demais defensores, que j\u00e1 ganham mais do que n\u00f3s&#8221;, diz a presidente da Anadef, Michelle Leite.<\/p>\n<p>&nbsp;<\/p>\n<p>Pela ressalta Michelle que a atitude do governo \u00e9 um retrocesso, pois afeta a popula\u00e7\u00e3o que n\u00e3o tem condi\u00e7\u00f5es de pagar um advogado. \u201cAs portas das defensorias no interior do pa\u00eds est\u00e3o fechando. As unidades est\u00e3o sem profissionais. Os defensores \u00a0preferem fazer um novo concurso p\u00fablico para ganhar mais em outras institui\u00e7\u00f5es\u201d, critica.<\/p>\n<p>&nbsp;<\/p>\n<p>O minist\u00e9rio do Planejamento informa que est\u00e1 em negocia\u00e7\u00e3o com os servidores da DPU. \u201cEstamos insatisfeitos com a falta de coer\u00eancia dos reajustes dados pelo governo. Logo n\u00f3s, que atendemos a popula\u00e7\u00e3o carente e representamos 0,15% do total de servidores que receber\u00e3o reajustes\u201d, frisa Michele.<\/p>\n<p>&nbsp;<\/p>\n<p>Bras\u00edlia, 10h23min<\/p>\n","protected":false},"excerpt":{"rendered":"<p>POR HAMILTON FERRARI &nbsp; Os servidores p\u00fablicos t\u00eam todo o direito de reivindicar aumentos de sal\u00e1rios e melhorias das condi\u00e7\u00f5es de trabalho. Mas devem se conscientizar de que os maiores prejudicados s\u00e3o os mais pobres. Isso fica claro no movimento deflagrado pela Defensoria P\u00fablica da Uni\u00e3o (DPU), que defende os direitos da popula\u00e7\u00e3o menos abastada. [&hellip;]<\/p>\n","protected":false},"author":22,"featured_media":0,"comment_status":"open","ping_status":"closed","sticky":false,"template":"","format":"standard","meta":{"footnotes":""},"categories":[600],"tags":[715,347,150,1049,454],"class_list":["post-2756","post","type-post","status-publish","format-standard","hentry","category-economia","tag-defensoria-publica-da-uniao","tag-greve","tag-ministerio-do-planejamento","tag-plc-3216","tag-populacao-mais-pobre"],"_links":{"self":[{"href":"https:\/\/blogs.correiobraziliense.com.br\/vicente\/wp-json\/wp\/v2\/posts\/2756","targetHints":{"allow":["GET"]}}],"collection":[{"href":"https:\/\/blogs.correiobraziliense.com.br\/vicente\/wp-json\/wp\/v2\/posts"}],"about":[{"href":"https:\/\/blogs.correiobraziliense.com.br\/vicente\/wp-json\/wp\/v2\/types\/post"}],"author":[{"embeddable":true,"href":"https:\/\/blogs.correiobraziliense.com.br\/vicente\/wp-json\/wp\/v2\/users\/22"}],"replies":[{"embeddable":true,"href":"https:\/\/blogs.correiobraziliense.com.br\/vicente\/wp-json\/wp\/v2\/comments?post=2756"}],"version-history":[{"count":1,"href":"https:\/\/blogs.correiobraziliense.com.br\/vicente\/wp-json\/wp\/v2\/posts\/2756\/revisions"}],"predecessor-version":[{"id":2757,"href":"https:\/\/blogs.correiobraziliense.com.br\/vicente\/wp-json\/wp\/v2\/posts\/2756\/revisions\/2757"}],"wp:attachment":[{"href":"https:\/\/blogs.correiobraziliense.com.br\/vicente\/wp-json\/wp\/v2\/media?parent=2756"}],"wp:term":[{"taxonomy":"category","embeddable":true,"href":"https:\/\/blogs.correiobraziliense.com.br\/vicente\/wp-json\/wp\/v2\/categories?post=2756"},{"taxonomy":"post_tag","embeddable":true,"href":"https:\/\/blogs.correiobraziliense.com.br\/vicente\/wp-json\/wp\/v2\/tags?post=2756"}],"curies":[{"name":"wp","href":"https:\/\/api.w.org\/{rel}","templated":true}]}}