{"id":2752,"date":"2016-08-19T18:05:57","date_gmt":"2016-08-19T21:05:57","guid":{"rendered":"https:\/\/blogs.correiobraziliense.com.br\/vicente\/?p=2752"},"modified":"2016-08-19T18:45:47","modified_gmt":"2016-08-19T21:45:47","slug":"secretaria-do-tesouro-diz-que-nao-da-para-conceder-beneficio-servidores-que-sequer-foi-aprovado-no-congresso","status":"publish","type":"post","link":"https:\/\/blogs.correiobraziliense.com.br\/vicente\/secretaria-do-tesouro-diz-que-nao-da-para-conceder-beneficio-servidores-que-sequer-foi-aprovado-no-congresso\/","title":{"rendered":"Secret\u00e1ria do Tesouro diz que n\u00e3o d\u00e1 para conceder benef\u00edcio a servidores que sequer foi aprovado no Congresso"},"content":{"rendered":"<p>POR HAMILTON FERRARI<\/p>\n<p>&nbsp;<\/p>\n<p>Em conversas com interlocutores, a secret\u00e1ria do Tesouro Nacional, Ana Paula Vescovi, afirmou que n\u00e3o assumiu nenhum compromisso de alinhamento dos sal\u00e1rios de servidores do \u00f3rg\u00e3o com os pagos a auditores da Receita Federal, como dizem sindicalistas.<\/p>\n<p>&nbsp;<\/p>\n<p>Segundo ela, n\u00e3o h\u00e1 a menor possibilidade de se falar em igualar sal\u00e1rios se os benef\u00edcios concedidos pelo governo aos auditores sequer foi aprovado pelo Congresso. Pelo Projeto de Lei 5.864\/16 enviado ao Legislativo, os servidores da Receita ter\u00e3o aumento de 27,9%, o mesmo \u00edndice concedido aos funcion\u00e1rios do Tesouro, mas ter\u00e3o direito a um b\u00f4nus de efici\u00eancia. Ou seja, receber\u00e3o um extra calculado em cima do que recuperarem de tributos n\u00e3o pagos.<\/p>\n<p>&nbsp;<\/p>\n<p>\u00c9 esse b\u00f4nus que levou os funcion\u00e1rios do Tesouro a decretarem greve, prejudicando, entre outros servi\u00e7os, o leil\u00e3o semanal de t\u00edtulos p\u00fablicos da Uni\u00e3o, o funcionamento do Tesouro Direto e o repasse de recursos para estados e munic\u00edpios. Para realizar os leil\u00f5es de t\u00edtulos, o Tesouro teve que recorrer ao Banco Central, com o qual tem um sistema de conting\u00eancia.<\/p>\n<p>&nbsp;<\/p>\n<p>Hoje, pela manh\u00e3, o comando do Tesouro se reuniu com os sindicalistas e pediu que eles reconsiderassem as paralisa\u00e7\u00f5es, que podem, inclusive, prejudicar o pagamento de servidores. A alega\u00e7\u00e3o \u00e9 de que o movimento grevista est\u00e1 colocando nas mesas de negocia\u00e7\u00e3o uma quest\u00e3o que n\u00e3o pode ser definida agora. A greve, por\u00e9m, continua.<\/p>\n<p>&nbsp;<\/p>\n<p><em>Bras\u00edlia, 18h05min<\/em><\/p>\n","protected":false},"excerpt":{"rendered":"<p>POR HAMILTON FERRARI &nbsp; Em conversas com interlocutores, a secret\u00e1ria do Tesouro Nacional, Ana Paula Vescovi, afirmou que n\u00e3o assumiu nenhum compromisso de alinhamento dos sal\u00e1rios de servidores do \u00f3rg\u00e3o com os pagos a auditores da Receita Federal, como dizem sindicalistas. &nbsp; Segundo ela, n\u00e3o h\u00e1 a menor possibilidade de se falar em igualar sal\u00e1rios [&hellip;]<\/p>\n","protected":false},"author":22,"featured_media":0,"comment_status":"open","ping_status":"closed","sticky":false,"template":"","format":"standard","meta":{"footnotes":""},"categories":[600],"tags":[1046,674,1047,8,123,121],"class_list":["post-2752","post","type-post","status-publish","format-standard","hentry","category-economia","tag-ana-paula-vescovi","tag-auditores","tag-pl-5-864","tag-receita-federal","tag-servidores","tag-tesouro-nacional"],"_links":{"self":[{"href":"https:\/\/blogs.correiobraziliense.com.br\/vicente\/wp-json\/wp\/v2\/posts\/2752","targetHints":{"allow":["GET"]}}],"collection":[{"href":"https:\/\/blogs.correiobraziliense.com.br\/vicente\/wp-json\/wp\/v2\/posts"}],"about":[{"href":"https:\/\/blogs.correiobraziliense.com.br\/vicente\/wp-json\/wp\/v2\/types\/post"}],"author":[{"embeddable":true,"href":"https:\/\/blogs.correiobraziliense.com.br\/vicente\/wp-json\/wp\/v2\/users\/22"}],"replies":[{"embeddable":true,"href":"https:\/\/blogs.correiobraziliense.com.br\/vicente\/wp-json\/wp\/v2\/comments?post=2752"}],"version-history":[{"count":1,"href":"https:\/\/blogs.correiobraziliense.com.br\/vicente\/wp-json\/wp\/v2\/posts\/2752\/revisions"}],"predecessor-version":[{"id":2753,"href":"https:\/\/blogs.correiobraziliense.com.br\/vicente\/wp-json\/wp\/v2\/posts\/2752\/revisions\/2753"}],"wp:attachment":[{"href":"https:\/\/blogs.correiobraziliense.com.br\/vicente\/wp-json\/wp\/v2\/media?parent=2752"}],"wp:term":[{"taxonomy":"category","embeddable":true,"href":"https:\/\/blogs.correiobraziliense.com.br\/vicente\/wp-json\/wp\/v2\/categories?post=2752"},{"taxonomy":"post_tag","embeddable":true,"href":"https:\/\/blogs.correiobraziliense.com.br\/vicente\/wp-json\/wp\/v2\/tags?post=2752"}],"curies":[{"name":"wp","href":"https:\/\/api.w.org\/{rel}","templated":true}]}}