{"id":2750,"date":"2016-08-19T17:48:56","date_gmt":"2016-08-19T20:48:56","guid":{"rendered":"https:\/\/blogs.correiobraziliense.com.br\/vicente\/?p=2750"},"modified":"2016-08-19T17:48:56","modified_gmt":"2016-08-19T20:48:56","slug":"correio-e-bicampeao-no-premio-abrapp-de-jornalismo","status":"publish","type":"post","link":"https:\/\/blogs.correiobraziliense.com.br\/vicente\/correio-e-bicampeao-no-premio-abrapp-de-jornalismo\/","title":{"rendered":"Correio \u00e9 bicampe\u00e3o no Pr\u00eamio Abrapp de Jornalismo"},"content":{"rendered":"<p>O rep\u00f3rter Antonio Tem\u00f3teo, do <strong>Correio Braziliense<\/strong>, ganhou, pelo segundo ano seguido, o Pr\u00eamio Abrapp de Jornalismo.<\/p>\n<p>&nbsp;<\/p>\n<p>Desta vez, a vit\u00f3ria foi com a mat\u00e9ria <em>Aposentadoria tranquila, <\/em>na qual ele mostra a import\u00e2ncia de se contribuir com um plano complementar de aposentadoria, uma vez que o Estado n\u00e3o ter\u00e1 condi\u00e7\u00f5es de suprir todas as necessidades dos trabalhadores quando eles se retirarem do mercado.<\/p>\n<p>&nbsp;<\/p>\n<p>Tem\u00f3teo \u00e9 um dos mais premiados rep\u00f3rteres do <strong>Correio<\/strong>, tendo recebido, entre outros, dois Pr\u00eamios Esso de Jornalismo Econ\u00f4mico. A entrega do Pr\u00eamio Abrapp est\u00e1 marcada para 12 de setembro, durante congresso dos fundos de pens\u00e3o.<\/p>\n","protected":false},"excerpt":{"rendered":"<p>O rep\u00f3rter Antonio Tem\u00f3teo, do Correio Braziliense, ganhou, pelo segundo ano seguido, o Pr\u00eamio Abrapp de Jornalismo. &nbsp; Desta vez, a vit\u00f3ria foi com a mat\u00e9ria Aposentadoria tranquila, na qual ele mostra a import\u00e2ncia de se contribuir com um plano complementar de aposentadoria, uma vez que o Estado n\u00e3o ter\u00e1 condi\u00e7\u00f5es de suprir todas as [&hellip;]<\/p>\n","protected":false},"author":22,"featured_media":0,"comment_status":"open","ping_status":"closed","sticky":false,"template":"","format":"standard","meta":{"footnotes":""},"categories":[600],"tags":[1043,1045,178,1042,1044],"class_list":["post-2750","post","type-post","status-publish","format-standard","hentry","category-economia","tag-antonio-temoteo","tag-aposentadoria-tranquila","tag-fundos-de-pensao","tag-premio-abrapp","tag-vencedor"],"_links":{"self":[{"href":"https:\/\/blogs.correiobraziliense.com.br\/vicente\/wp-json\/wp\/v2\/posts\/2750","targetHints":{"allow":["GET"]}}],"collection":[{"href":"https:\/\/blogs.correiobraziliense.com.br\/vicente\/wp-json\/wp\/v2\/posts"}],"about":[{"href":"https:\/\/blogs.correiobraziliense.com.br\/vicente\/wp-json\/wp\/v2\/types\/post"}],"author":[{"embeddable":true,"href":"https:\/\/blogs.correiobraziliense.com.br\/vicente\/wp-json\/wp\/v2\/users\/22"}],"replies":[{"embeddable":true,"href":"https:\/\/blogs.correiobraziliense.com.br\/vicente\/wp-json\/wp\/v2\/comments?post=2750"}],"version-history":[{"count":1,"href":"https:\/\/blogs.correiobraziliense.com.br\/vicente\/wp-json\/wp\/v2\/posts\/2750\/revisions"}],"predecessor-version":[{"id":2751,"href":"https:\/\/blogs.correiobraziliense.com.br\/vicente\/wp-json\/wp\/v2\/posts\/2750\/revisions\/2751"}],"wp:attachment":[{"href":"https:\/\/blogs.correiobraziliense.com.br\/vicente\/wp-json\/wp\/v2\/media?parent=2750"}],"wp:term":[{"taxonomy":"category","embeddable":true,"href":"https:\/\/blogs.correiobraziliense.com.br\/vicente\/wp-json\/wp\/v2\/categories?post=2750"},{"taxonomy":"post_tag","embeddable":true,"href":"https:\/\/blogs.correiobraziliense.com.br\/vicente\/wp-json\/wp\/v2\/tags?post=2750"}],"curies":[{"name":"wp","href":"https:\/\/api.w.org\/{rel}","templated":true}]}}