{"id":2745,"date":"2016-08-19T16:30:45","date_gmt":"2016-08-19T19:30:45","guid":{"rendered":"https:\/\/blogs.correiobraziliense.com.br\/vicente\/?p=2745"},"modified":"2016-08-20T15:51:32","modified_gmt":"2016-08-20T18:51:32","slug":"itamaraty-entrara-em-greve-na-segunda-feira","status":"publish","type":"post","link":"https:\/\/blogs.correiobraziliense.com.br\/vicente\/itamaraty-entrara-em-greve-na-segunda-feira\/","title":{"rendered":"Itamaraty entrar\u00e1 em greve na segunda-feira"},"content":{"rendered":"<p>POR MARLLA SABINO<\/p>\n<p>&nbsp;<\/p>\n<p>Os servidores do Itamaraty no Brasil e no exterior decidiram cruzar os bra\u00e7os a partir de segunda-feira por tempo indeterminado. Eles reivindicam equipara\u00e7\u00e3o salarial \u00e0s demais carreiras t\u00edpicas de Estado. As negocia\u00e7\u00f5es para os reajustes come\u00e7aram em mar\u00e7o \u00faltimo, mas todas as propostas apresentadas pelo Minist\u00e9rio do Planejamento foram recusadas.<\/p>\n<p>&nbsp;<\/p>\n<p>Foi colocado sobre a mesa aumento de 27,9%, dividido em tr\u00eas parcelas (12,8% em janeiro de 2017; 6,65% em janeiro de 2018; e 6,31% em janeiro de 2019), mas o governo se negou a acatar o pedido de reestrutura\u00e7\u00e3o da carreira, que tornaria menos desigual as remunera\u00e7\u00f5es pagas a diplomatas e a oficiais e assistentes de chancelaria.<\/p>\n<p>&nbsp;<\/p>\n<p><strong>Defasagem<\/strong><\/p>\n<p>&nbsp;<\/p>\n<p>Segundo a presidente do Sindicato Nacional dos Servidores do Minist\u00e9rio das Rela\u00e7\u00f5es Exteriores (Sinditamaraty), Suellen Paz, a corre\u00e7\u00e3o proposta n\u00e3o corrige a defasagem salarial acumulada desde 2008. \u201cHoje, os servidores do Itamaraty recebem os menores sal\u00e1rios da Esplanada. Se aceitarmos a proposta, isso n\u00e3o mudar\u00e1\u201d, disse. Para ela, os reajustes n\u00e3o podem ser lineares, pois mant\u00eam as distor\u00e7\u00f5es que tantos problema causam hoje.<\/p>\n<p>&nbsp;<\/p>\n<p>Suellen destacou que estudo realizado pelo sindicato mostra que, entre os assistentes de chancelaria, a defasagem salarial m\u00e9dia em rela\u00e7\u00e3o a outras carreiras chega a 28,48%. No caso dos oficiais de chancelaria, a diferen\u00e7a atinge 31,88% e, dos diplomatas, 7,11%. Por isso, a necessidade de reestrutura\u00e7\u00e3o para reduzir as desigualdades. \u201cO clima \u00e9 de muita indigna\u00e7\u00e3o, os servidores se sentem desprestigiados. Se n\u00e3o houver uma solu\u00e7\u00e3o agora, no futuro, ficar\u00e1 mais dif\u00edcil conseguimos a equipara\u00e7\u00e3o\u201d, ressaltou.<\/p>\n<p>&nbsp;<\/p>\n<p><strong>Servi\u00e7os<\/strong><\/p>\n<p>&nbsp;<\/p>\n<p>O Sinditamaraty informou que, durante a greve, ser\u00e3o mantidos 30% dos servi\u00e7os considerados essenciais. Al\u00e9m das quest\u00f5es administrativas, ser\u00e3o afetadas atividades como legaliza\u00e7\u00e3o de documentos, assist\u00eancia consular, emiss\u00e3o de passaportes, vistos, atos notariais e registro civil em postos no exterior. Procurado, o Planejamento ressaltou que mant\u00eam os canais de negocia\u00e7\u00e3o abertos e que prop\u00f4s a cria\u00e7\u00e3o de um grupo de trabalho para estudar a reivindica\u00e7\u00e3o de equipara\u00e7\u00e3o salarial. Mas \u00e9 preciso levar em considera\u00e7\u00e3o aspectos or\u00e7ament\u00e1rio e fiscal do pa\u00eds.<\/p>\n<p>&nbsp;<\/p>\n<p><em>Bras\u00edlia 16h30min<\/em><\/p>\n","protected":false},"excerpt":{"rendered":"<p>POR MARLLA SABINO &nbsp; Os servidores do Itamaraty no Brasil e no exterior decidiram cruzar os bra\u00e7os a partir de segunda-feira por tempo indeterminado. Eles reivindicam equipara\u00e7\u00e3o salarial \u00e0s demais carreiras t\u00edpicas de Estado. As negocia\u00e7\u00f5es para os reajustes come\u00e7aram em mar\u00e7o \u00faltimo, mas todas as propostas apresentadas pelo Minist\u00e9rio do Planejamento foram recusadas. &nbsp; [&hellip;]<\/p>\n","protected":false},"author":22,"featured_media":0,"comment_status":"open","ping_status":"closed","sticky":false,"template":"","format":"standard","meta":{"footnotes":""},"categories":[600],"tags":[1057,1058,1055,347,329,1056,840],"class_list":["post-2745","post","type-post","status-publish","format-standard","hentry","category-economia","tag-assistentes","tag-chancelaria","tag-diplomatas","tag-greve","tag-itamaraty","tag-oficiais","tag-sinditamaraty"],"_links":{"self":[{"href":"https:\/\/blogs.correiobraziliense.com.br\/vicente\/wp-json\/wp\/v2\/posts\/2745","targetHints":{"allow":["GET"]}}],"collection":[{"href":"https:\/\/blogs.correiobraziliense.com.br\/vicente\/wp-json\/wp\/v2\/posts"}],"about":[{"href":"https:\/\/blogs.correiobraziliense.com.br\/vicente\/wp-json\/wp\/v2\/types\/post"}],"author":[{"embeddable":true,"href":"https:\/\/blogs.correiobraziliense.com.br\/vicente\/wp-json\/wp\/v2\/users\/22"}],"replies":[{"embeddable":true,"href":"https:\/\/blogs.correiobraziliense.com.br\/vicente\/wp-json\/wp\/v2\/comments?post=2745"}],"version-history":[{"count":3,"href":"https:\/\/blogs.correiobraziliense.com.br\/vicente\/wp-json\/wp\/v2\/posts\/2745\/revisions"}],"predecessor-version":[{"id":2763,"href":"https:\/\/blogs.correiobraziliense.com.br\/vicente\/wp-json\/wp\/v2\/posts\/2745\/revisions\/2763"}],"wp:attachment":[{"href":"https:\/\/blogs.correiobraziliense.com.br\/vicente\/wp-json\/wp\/v2\/media?parent=2745"}],"wp:term":[{"taxonomy":"category","embeddable":true,"href":"https:\/\/blogs.correiobraziliense.com.br\/vicente\/wp-json\/wp\/v2\/categories?post=2745"},{"taxonomy":"post_tag","embeddable":true,"href":"https:\/\/blogs.correiobraziliense.com.br\/vicente\/wp-json\/wp\/v2\/tags?post=2745"}],"curies":[{"name":"wp","href":"https:\/\/api.w.org\/{rel}","templated":true}]}}