{"id":2717,"date":"2016-08-18T14:10:30","date_gmt":"2016-08-18T17:10:30","guid":{"rendered":"https:\/\/blogs.correiobraziliense.com.br\/vicente\/?p=2717"},"modified":"2016-08-18T15:21:50","modified_gmt":"2016-08-18T18:21:50","slug":"de-meirelles-sobre-candidatura-presidencia-da-republica-deixe-disso","status":"publish","type":"post","link":"https:\/\/blogs.correiobraziliense.com.br\/vicente\/de-meirelles-sobre-candidatura-presidencia-da-republica-deixe-disso\/","title":{"rendered":"De Meirelles sobre candidatura \u00e0 Presid\u00eancia da Rep\u00fablica: &#8220;Deixe disso!&#8221;"},"content":{"rendered":"<p>Dia desses, em visita ao Minist\u00e9rio da Fazenda, o governador de Goi\u00e1s, Marconi Perillo, perguntou ao ministro da Fazenda, Henrique Meirelles, sobre a poss\u00edvel candidatura dele \u00e0 Presid\u00eancia da Rep\u00fablica. Meirelles levou um susto. S\u00f3 conseguiu responder: &#8220;Deixe disso, Perillo!&#8221;.<\/p>\n<p>&nbsp;<\/p>\n<p>Todos, na Fazenda e no governo, sabem que o sonho de Meirelles \u00e9 chegar ao comando do pa\u00eds. Mas a carreira pol\u00edtica dele, que come\u00e7ou muito bem ao ser eleito pelo PSDB, em 2002, o deputado federal mais votado da hist\u00f3ria de Goi\u00e1s, s\u00f3 colheu frustra\u00e7\u00e3o nos \u00faltimos tempos.<\/p>\n<p>&nbsp;<\/p>\n<p>Ele tentou ser candidato a governador de Goi\u00e1s pelo PMDB em 2010, mas foi esnobado pelo partido. No mesmo ano, trabalhou pesado para ser candidato a vice de Dilma Rousseff, mas ela o repeliu veementemente. Frustrado, retornou para o setor privado depois de ser o presidente mais longevo do Banco Central.<\/p>\n<p>&nbsp;<\/p>\n<p>Agora, de volta ao governo e sentado na cadeira mais importante da Esplanada dos Minist\u00e9rios, Meirelles resgatou com tudo o desejo adormecido. Tanto que se tornou um ponto de atrito entre Temer e o PSDB, partido que reivindica total apoio do presidente interino para fazer o sucessor dele.<\/p>\n<p>&nbsp;<\/p>\n<p><em>Bras\u00edlia, 14h10min<\/em><\/p>\n","protected":false},"excerpt":{"rendered":"<p>Dia desses, em visita ao Minist\u00e9rio da Fazenda, o governador de Goi\u00e1s, Marconi Perillo, perguntou ao ministro da Fazenda, Henrique Meirelles, sobre a poss\u00edvel candidatura dele \u00e0 Presid\u00eancia da Rep\u00fablica. Meirelles levou um susto. S\u00f3 conseguiu responder: &#8220;Deixe disso, Perillo!&#8221;. &nbsp; Todos, na Fazenda e no governo, sabem que o sonho de Meirelles \u00e9 chegar [&hellip;]<\/p>\n","protected":false},"author":22,"featured_media":0,"comment_status":"open","ping_status":"closed","sticky":false,"template":"","format":"standard","meta":{"footnotes":""},"categories":[600],"tags":[845,21,948,111,846],"class_list":["post-2717","post","type-post","status-publish","format-standard","hentry","category-economia","tag-candidatura","tag-henrique-meirelles","tag-marconi-perillo","tag-michel-temer","tag-presidencia-da-republica"],"_links":{"self":[{"href":"https:\/\/blogs.correiobraziliense.com.br\/vicente\/wp-json\/wp\/v2\/posts\/2717","targetHints":{"allow":["GET"]}}],"collection":[{"href":"https:\/\/blogs.correiobraziliense.com.br\/vicente\/wp-json\/wp\/v2\/posts"}],"about":[{"href":"https:\/\/blogs.correiobraziliense.com.br\/vicente\/wp-json\/wp\/v2\/types\/post"}],"author":[{"embeddable":true,"href":"https:\/\/blogs.correiobraziliense.com.br\/vicente\/wp-json\/wp\/v2\/users\/22"}],"replies":[{"embeddable":true,"href":"https:\/\/blogs.correiobraziliense.com.br\/vicente\/wp-json\/wp\/v2\/comments?post=2717"}],"version-history":[{"count":2,"href":"https:\/\/blogs.correiobraziliense.com.br\/vicente\/wp-json\/wp\/v2\/posts\/2717\/revisions"}],"predecessor-version":[{"id":2719,"href":"https:\/\/blogs.correiobraziliense.com.br\/vicente\/wp-json\/wp\/v2\/posts\/2717\/revisions\/2719"}],"wp:attachment":[{"href":"https:\/\/blogs.correiobraziliense.com.br\/vicente\/wp-json\/wp\/v2\/media?parent=2717"}],"wp:term":[{"taxonomy":"category","embeddable":true,"href":"https:\/\/blogs.correiobraziliense.com.br\/vicente\/wp-json\/wp\/v2\/categories?post=2717"},{"taxonomy":"post_tag","embeddable":true,"href":"https:\/\/blogs.correiobraziliense.com.br\/vicente\/wp-json\/wp\/v2\/tags?post=2717"}],"curies":[{"name":"wp","href":"https:\/\/api.w.org\/{rel}","templated":true}]}}