{"id":2701,"date":"2016-08-17T17:04:57","date_gmt":"2016-08-17T20:04:57","guid":{"rendered":"https:\/\/blogs.correiobraziliense.com.br\/vicente\/?p=2701"},"modified":"2016-08-17T18:51:28","modified_gmt":"2016-08-17T21:51:28","slug":"planalto-quer-orcamento-pronto-ate-27-de-agosto","status":"publish","type":"post","link":"https:\/\/blogs.correiobraziliense.com.br\/vicente\/planalto-quer-orcamento-pronto-ate-27-de-agosto\/","title":{"rendered":"Planalto quer Or\u00e7amento pronto at\u00e9 27 de agosto"},"content":{"rendered":"<p>A correria \u00e9 grande na Secretaria de Or\u00e7amento Federal (SOF), vinculada ao Minist\u00e9rio do Planejamento. O presidente interino determinou que a proposta de Or\u00e7amento da Uni\u00e3o de 2017, que ser\u00e1 enviada ao Congresso at\u00e9 o fim do m\u00eas, esteja pronta, no m\u00e1ximo, em 27 de agosto.<\/p>\n<p>&nbsp;<\/p>\n<p>Temer quer dar a \u00faltima vasculhada nos n\u00fameros para que o governo n\u00e3o seja acusado de encaminhar ao Legislativo uma pe\u00e7a de fic\u00e7\u00e3o, sobretudo ao propor a Proposta de Emenda \u00e0 Constitui\u00e7\u00e3o (PEC) que limita o aumento de gastos \u00e0 infla\u00e7\u00e3o do ano anterior. O interino tamb\u00e9m quer afastar de vez a necessidade de aumento de impostos, que considera desgastante politicamente.<\/p>\n<p>&nbsp;<\/p>\n<p>Segundo servidores do Planejamento, nunca houve tanta press\u00e3o para o fechamento da proposta de Or\u00e7amento. &#8220;O Pal\u00e1cio do Planalto est\u00e1 cobrando muito. Nunca vimos isso&#8221;, diz um servidor. A situa\u00e7\u00e3o se torna mais complicada, porque os funcion\u00e1rios da SOF est\u00e3o suspendendo as atividades em v\u00e1rios dias para cobrar melhorias nos sal\u00e1rios.<\/p>\n<p>&nbsp;<\/p>\n<p>Bras\u00edlia, 17h04min<\/p>\n","protected":false},"excerpt":{"rendered":"<p>A correria \u00e9 grande na Secretaria de Or\u00e7amento Federal (SOF), vinculada ao Minist\u00e9rio do Planejamento. O presidente interino determinou que a proposta de Or\u00e7amento da Uni\u00e3o de 2017, que ser\u00e1 enviada ao Congresso at\u00e9 o fim do m\u00eas, esteja pronta, no m\u00e1ximo, em 27 de agosto. &nbsp; Temer quer dar a \u00faltima vasculhada nos n\u00fameros [&hellip;]<\/p>\n","protected":false},"author":22,"featured_media":0,"comment_status":"open","ping_status":"closed","sticky":false,"template":"","format":"standard","meta":{"footnotes":""},"categories":[600],"tags":[],"class_list":["post-2701","post","type-post","status-publish","format-standard","hentry","category-economia"],"_links":{"self":[{"href":"https:\/\/blogs.correiobraziliense.com.br\/vicente\/wp-json\/wp\/v2\/posts\/2701","targetHints":{"allow":["GET"]}}],"collection":[{"href":"https:\/\/blogs.correiobraziliense.com.br\/vicente\/wp-json\/wp\/v2\/posts"}],"about":[{"href":"https:\/\/blogs.correiobraziliense.com.br\/vicente\/wp-json\/wp\/v2\/types\/post"}],"author":[{"embeddable":true,"href":"https:\/\/blogs.correiobraziliense.com.br\/vicente\/wp-json\/wp\/v2\/users\/22"}],"replies":[{"embeddable":true,"href":"https:\/\/blogs.correiobraziliense.com.br\/vicente\/wp-json\/wp\/v2\/comments?post=2701"}],"version-history":[{"count":3,"href":"https:\/\/blogs.correiobraziliense.com.br\/vicente\/wp-json\/wp\/v2\/posts\/2701\/revisions"}],"predecessor-version":[{"id":2704,"href":"https:\/\/blogs.correiobraziliense.com.br\/vicente\/wp-json\/wp\/v2\/posts\/2701\/revisions\/2704"}],"wp:attachment":[{"href":"https:\/\/blogs.correiobraziliense.com.br\/vicente\/wp-json\/wp\/v2\/media?parent=2701"}],"wp:term":[{"taxonomy":"category","embeddable":true,"href":"https:\/\/blogs.correiobraziliense.com.br\/vicente\/wp-json\/wp\/v2\/categories?post=2701"},{"taxonomy":"post_tag","embeddable":true,"href":"https:\/\/blogs.correiobraziliense.com.br\/vicente\/wp-json\/wp\/v2\/tags?post=2701"}],"curies":[{"name":"wp","href":"https:\/\/api.w.org\/{rel}","templated":true}]}}