{"id":2698,"date":"2016-08-17T15:49:15","date_gmt":"2016-08-17T18:49:15","guid":{"rendered":"https:\/\/blogs.correiobraziliense.com.br\/vicente\/?p=2698"},"modified":"2016-08-17T18:04:07","modified_gmt":"2016-08-17T21:04:07","slug":"temer-determina-equipe-economica-que-corte-gastos-para-nao-aumentar-impostos-em-2017","status":"publish","type":"post","link":"https:\/\/blogs.correiobraziliense.com.br\/vicente\/temer-determina-equipe-economica-que-corte-gastos-para-nao-aumentar-impostos-em-2017\/","title":{"rendered":"Temer determina \u00e0 equipe econ\u00f4mica que corte gastos para n\u00e3o aumentar impostos em 2017"},"content":{"rendered":"<p>O presidente interino, Michel Temer, ordenou aos ministros da Fazenda, Henrique Meirelles, e do Planejamento, Dyogo Oliveira, que cortem o m\u00e1ximo poss\u00edvel de despesas discricion\u00e1rias (n\u00e3o obrigat\u00f3rias) para que o governo n\u00e3o seja obrigado a aumentar impostos a fim de fechar a proposta de Or\u00e7amento de 2017 que ser\u00e1 encaminhada ao Congresso at\u00e9 o fim deste m\u00eas.<\/p>\n<p>&nbsp;<\/p>\n<p>Temer foi apresentado a n\u00fameros preliminares do Or\u00e7amento, mostrando que, com a combina\u00e7\u00e3o de mais cortes, aumento de receitas por causa do Produto Interno Bruto (PIB) maior (1,6% em vez de 1,2%) e recursos oriundos de privatiza\u00e7\u00e3o e concess\u00f5es, ser\u00e1 poss\u00edvel cumprir, sem traumas, a meta de deficit de R$ 139 bilh\u00f5es no ano que vem.<\/p>\n<p>&nbsp;<\/p>\n<p>As privatiza\u00e7\u00f5es e concess\u00f5es, segundo interlocutores de Temer, ser\u00e3o refor\u00e7adas nos pr\u00f3ximos dias, para que o governo n\u00e3o se frustre nas proje\u00e7\u00f5es de receitas extraordin\u00e1rias. A perspectiva inicial era arrecadar, nessa rubrica, R$ 55 bilh\u00f5es. As contas, por\u00e9m, foram refeitas para menor, cerca de R$ 50 bilh\u00f5es. A diferen\u00e7a ser\u00e1 coberta pela redu\u00e7\u00e3o de despesas.<\/p>\n<p>&nbsp;<\/p>\n<p>H\u00e1, por\u00e9m, dentro do governo, quem defenda aumento de impostos regulat\u00f3rios, como a Cide e o IOF, mesmo que marginalmente, para dar garantia de que a travessia em 2017 ser\u00e1 tranquila. Mas a resist\u00eancia do grupo pol\u00edtico do governo \u00e9 grande.<\/p>\n<p>&nbsp;<\/p>\n<p><em>Bras\u00edlia, 15h49min<\/em><\/p>\n","protected":false},"excerpt":{"rendered":"<p>O presidente interino, Michel Temer, ordenou aos ministros da Fazenda, Henrique Meirelles, e do Planejamento, Dyogo Oliveira, que cortem o m\u00e1ximo poss\u00edvel de despesas discricion\u00e1rias (n\u00e3o obrigat\u00f3rias) para que o governo n\u00e3o seja obrigado a aumentar impostos a fim de fechar a proposta de Or\u00e7amento de 2017 que ser\u00e1 encaminhada ao Congresso at\u00e9 o fim [&hellip;]<\/p>\n","protected":false},"author":22,"featured_media":0,"comment_status":"open","ping_status":"closed","sticky":false,"template":"","format":"standard","meta":{"footnotes":""},"categories":[600],"tags":[735,84,21,111,1016],"class_list":["post-2698","post","type-post","status-publish","format-standard","hentry","category-economia","tag-corte-de-gastos","tag-dyogo-oliveira","tag-henrique-meirelles","tag-michel-temer","tag-orcamento-de-2017"],"_links":{"self":[{"href":"https:\/\/blogs.correiobraziliense.com.br\/vicente\/wp-json\/wp\/v2\/posts\/2698","targetHints":{"allow":["GET"]}}],"collection":[{"href":"https:\/\/blogs.correiobraziliense.com.br\/vicente\/wp-json\/wp\/v2\/posts"}],"about":[{"href":"https:\/\/blogs.correiobraziliense.com.br\/vicente\/wp-json\/wp\/v2\/types\/post"}],"author":[{"embeddable":true,"href":"https:\/\/blogs.correiobraziliense.com.br\/vicente\/wp-json\/wp\/v2\/users\/22"}],"replies":[{"embeddable":true,"href":"https:\/\/blogs.correiobraziliense.com.br\/vicente\/wp-json\/wp\/v2\/comments?post=2698"}],"version-history":[{"count":2,"href":"https:\/\/blogs.correiobraziliense.com.br\/vicente\/wp-json\/wp\/v2\/posts\/2698\/revisions"}],"predecessor-version":[{"id":2700,"href":"https:\/\/blogs.correiobraziliense.com.br\/vicente\/wp-json\/wp\/v2\/posts\/2698\/revisions\/2700"}],"wp:attachment":[{"href":"https:\/\/blogs.correiobraziliense.com.br\/vicente\/wp-json\/wp\/v2\/media?parent=2698"}],"wp:term":[{"taxonomy":"category","embeddable":true,"href":"https:\/\/blogs.correiobraziliense.com.br\/vicente\/wp-json\/wp\/v2\/categories?post=2698"},{"taxonomy":"post_tag","embeddable":true,"href":"https:\/\/blogs.correiobraziliense.com.br\/vicente\/wp-json\/wp\/v2\/tags?post=2698"}],"curies":[{"name":"wp","href":"https:\/\/api.w.org\/{rel}","templated":true}]}}