{"id":2695,"date":"2016-08-17T12:34:21","date_gmt":"2016-08-17T15:34:21","guid":{"rendered":"https:\/\/blogs.correiobraziliense.com.br\/vicente\/?p=2695"},"modified":"2016-08-17T15:50:45","modified_gmt":"2016-08-17T18:50:45","slug":"desemprego-cai-no-distrito-federal-renda-recua-mas-ainda-e-maior-do-pais","status":"publish","type":"post","link":"https:\/\/blogs.correiobraziliense.com.br\/vicente\/desemprego-cai-no-distrito-federal-renda-recua-mas-ainda-e-maior-do-pais\/","title":{"rendered":"Desemprego cai no Distrito Federal. Renda recua, mas ainda \u00e9 a maior do pa\u00eds"},"content":{"rendered":"<p>Enquanto a taxa de desemprego no pa\u00eds atingiu recorde no trimestre encerrado em junho, no Distrito Federal, o \u00edndice de desocupa\u00e7\u00e3o recuou.<\/p>\n<p>&nbsp;<\/p>\n<p>Segundo o Instituto Brasileiro de Geografia e Estat\u00edstica (IBGE), na m\u00e9dia nacional, o desemprego passou de 10,9% para 11,3% do primeiro para o segundo trimestre.<\/p>\n<p>&nbsp;<\/p>\n<p>No DF, a taxa caiu de 11,2% para 10,9%. Al\u00e9m da capital federal, apenas o Mato Grosso do Sul teve recuo, de 7,8% para 7%.<\/p>\n<p>&nbsp;<\/p>\n<p>Pelos c\u00e1lculos do IBGE, mesmo cedendo do primeiro para o segundo trimestre, de R$ 3.734 para R$ 3.613, a renda m\u00e9dia do trabalho no DF continua sendo a maior do pa\u00eds (R$ 1.921).<\/p>\n<p>&nbsp;<\/p>\n<p>Em Bras\u00edlia, houve dois extremos no mercado de trabalho. De um lado, o n\u00famero de dom\u00e9sticas saltou de 94 mil, nos primeiros tr\u00eas meses de 2015, para 114 mil no segundo trimestre de 2016. J\u00e1 o total de servidores p\u00fablicos recuou, no mesmo per\u00edodo, de 323 mil para 316 mil.<\/p>\n<p>&nbsp;<\/p>\n<p><em>Bras\u00edlia, 12h34min<\/em><\/p>\n","protected":false},"excerpt":{"rendered":"<p>Enquanto a taxa de desemprego no pa\u00eds atingiu recorde no trimestre encerrado em junho, no Distrito Federal, o \u00edndice de desocupa\u00e7\u00e3o recuou. &nbsp; Segundo o Instituto Brasileiro de Geografia e Estat\u00edstica (IBGE), na m\u00e9dia nacional, o desemprego passou de 10,9% para 11,3% do primeiro para o segundo trimestre. &nbsp; No DF, a taxa caiu de [&hellip;]<\/p>\n","protected":false},"author":22,"featured_media":0,"comment_status":"open","ping_status":"closed","sticky":false,"template":"","format":"standard","meta":{"footnotes":""},"categories":[600],"tags":[926,71,755,9,391,528,398],"class_list":["post-2695","post","type-post","status-publish","format-standard","hentry","category-economia","tag-brasilia","tag-desemprego","tag-distrito-federal","tag-domesticas","tag-ibge","tag-renda","tag-servidores-publicos"],"_links":{"self":[{"href":"https:\/\/blogs.correiobraziliense.com.br\/vicente\/wp-json\/wp\/v2\/posts\/2695","targetHints":{"allow":["GET"]}}],"collection":[{"href":"https:\/\/blogs.correiobraziliense.com.br\/vicente\/wp-json\/wp\/v2\/posts"}],"about":[{"href":"https:\/\/blogs.correiobraziliense.com.br\/vicente\/wp-json\/wp\/v2\/types\/post"}],"author":[{"embeddable":true,"href":"https:\/\/blogs.correiobraziliense.com.br\/vicente\/wp-json\/wp\/v2\/users\/22"}],"replies":[{"embeddable":true,"href":"https:\/\/blogs.correiobraziliense.com.br\/vicente\/wp-json\/wp\/v2\/comments?post=2695"}],"version-history":[{"count":1,"href":"https:\/\/blogs.correiobraziliense.com.br\/vicente\/wp-json\/wp\/v2\/posts\/2695\/revisions"}],"predecessor-version":[{"id":2696,"href":"https:\/\/blogs.correiobraziliense.com.br\/vicente\/wp-json\/wp\/v2\/posts\/2695\/revisions\/2696"}],"wp:attachment":[{"href":"https:\/\/blogs.correiobraziliense.com.br\/vicente\/wp-json\/wp\/v2\/media?parent=2695"}],"wp:term":[{"taxonomy":"category","embeddable":true,"href":"https:\/\/blogs.correiobraziliense.com.br\/vicente\/wp-json\/wp\/v2\/categories?post=2695"},{"taxonomy":"post_tag","embeddable":true,"href":"https:\/\/blogs.correiobraziliense.com.br\/vicente\/wp-json\/wp\/v2\/tags?post=2695"}],"curies":[{"name":"wp","href":"https:\/\/api.w.org\/{rel}","templated":true}]}}