{"id":2673,"date":"2016-08-16T18:05:05","date_gmt":"2016-08-16T21:05:05","guid":{"rendered":"https:\/\/blogs.correiobraziliense.com.br\/vicente\/?p=2673"},"modified":"2016-08-16T18:29:56","modified_gmt":"2016-08-16T21:29:56","slug":"petistas-mudaram-de-funcoes-na-caixa-para-nao-perderem-regalias","status":"publish","type":"post","link":"https:\/\/blogs.correiobraziliense.com.br\/vicente\/petistas-mudaram-de-funcoes-na-caixa-para-nao-perderem-regalias\/","title":{"rendered":"Petistas mudaram de fun\u00e7\u00f5es na Caixa para n\u00e3o perderem regalias"},"content":{"rendered":"<p>Um grupo de funcion\u00e1rios da Caixa Econ\u00f4mica Federal ligados ao PT e que exerciam fun\u00e7\u00f5es estrat\u00e9gicas\u00a0 no banco foi remanejado para n\u00e3o perder regalias no governo de Michel Temer.<\/p>\n<p>&nbsp;<\/p>\n<p>Os remanejamentos, que inclu\u00edram a \u00e1rea de marketing, muito visada, foram feitos mesmo depois da chegada do atual presidente do banco, Gilberto Occhi, que, at\u00e9 agora, n\u00e3o conseguiu trocar a diretoria, mesmo com todo o apelo que fez ao Pal\u00e1cio do Planalto.<\/p>\n<p>&nbsp;<\/p>\n<p>A rede de prote\u00e7\u00e3o a petistas na Caixa \u00e9 enorme. N\u00e3o ser\u00e1 a atual administra\u00e7\u00e3o que conseguir\u00e1 promover mudan\u00e7as mais profundas na institui\u00e7\u00e3o.<\/p>\n<p>&nbsp;<\/p>\n<p>Funcion\u00e1rios do banco dizem que dois vice-presidentes, Marcio Percival, ligad\u00edssimo ao PT (ele foi indicado para o banco por Aloizio Mercadante), e Joaquim Lima j\u00e1 est\u00e3o limpando as gavetas.<\/p>\n<p>&nbsp;<\/p>\n<p>Percival foi o mentor da compra do falido banco Panamericano pela Caixa. Hoje, o banco se chama PAN e est\u00e1 sob o controle do encrencado BTG Pactual.<\/p>\n<p>&nbsp;<\/p>\n<p>Lima deve se transferir para a secretaria de privatiza\u00e7\u00e3o e concess\u00f5es chefiada por Moreira Franco, com quem trabalhou na Caixa. Mas h\u00e1 que aposte que ele possa ir para a Funcef, o fundo de pens\u00e3o dos servidores da institui\u00e7\u00e3o, que acumula rombo superior a R$ 10 bilh\u00f5es.<\/p>\n<p>&nbsp;<\/p>\n<p><em>Bras\u00edlia, 18h05min<\/em><\/p>\n","protected":false},"excerpt":{"rendered":"<p>Um grupo de funcion\u00e1rios da Caixa Econ\u00f4mica Federal ligados ao PT e que exerciam fun\u00e7\u00f5es estrat\u00e9gicas\u00a0 no banco foi remanejado para n\u00e3o perder regalias no governo de Michel Temer. &nbsp; Os remanejamentos, que inclu\u00edram a \u00e1rea de marketing, muito visada, foram feitos mesmo depois da chegada do atual presidente do banco, Gilberto Occhi, que, at\u00e9 [&hellip;]<\/p>\n","protected":false},"author":22,"featured_media":0,"comment_status":"open","ping_status":"closed","sticky":false,"template":"","format":"standard","meta":{"footnotes":""},"categories":[600],"tags":[110,296,1006,422,1007],"class_list":["post-2673","post","type-post","status-publish","format-standard","hentry","category-economia","tag-caixa","tag-gilberto-occhi","tag-marcio-percival","tag-pt","tag-rede-de-pro"],"_links":{"self":[{"href":"https:\/\/blogs.correiobraziliense.com.br\/vicente\/wp-json\/wp\/v2\/posts\/2673","targetHints":{"allow":["GET"]}}],"collection":[{"href":"https:\/\/blogs.correiobraziliense.com.br\/vicente\/wp-json\/wp\/v2\/posts"}],"about":[{"href":"https:\/\/blogs.correiobraziliense.com.br\/vicente\/wp-json\/wp\/v2\/types\/post"}],"author":[{"embeddable":true,"href":"https:\/\/blogs.correiobraziliense.com.br\/vicente\/wp-json\/wp\/v2\/users\/22"}],"replies":[{"embeddable":true,"href":"https:\/\/blogs.correiobraziliense.com.br\/vicente\/wp-json\/wp\/v2\/comments?post=2673"}],"version-history":[{"count":2,"href":"https:\/\/blogs.correiobraziliense.com.br\/vicente\/wp-json\/wp\/v2\/posts\/2673\/revisions"}],"predecessor-version":[{"id":2675,"href":"https:\/\/blogs.correiobraziliense.com.br\/vicente\/wp-json\/wp\/v2\/posts\/2673\/revisions\/2675"}],"wp:attachment":[{"href":"https:\/\/blogs.correiobraziliense.com.br\/vicente\/wp-json\/wp\/v2\/media?parent=2673"}],"wp:term":[{"taxonomy":"category","embeddable":true,"href":"https:\/\/blogs.correiobraziliense.com.br\/vicente\/wp-json\/wp\/v2\/categories?post=2673"},{"taxonomy":"post_tag","embeddable":true,"href":"https:\/\/blogs.correiobraziliense.com.br\/vicente\/wp-json\/wp\/v2\/tags?post=2673"}],"curies":[{"name":"wp","href":"https:\/\/api.w.org\/{rel}","templated":true}]}}