{"id":2670,"date":"2016-08-16T14:05:37","date_gmt":"2016-08-16T17:05:37","guid":{"rendered":"https:\/\/blogs.correiobraziliense.com.br\/vicente\/?p=2670"},"modified":"2016-08-16T15:15:54","modified_gmt":"2016-08-16T18:15:54","slug":"fracassa-o-primeiro-teste-do-governo-na-privatizacao","status":"publish","type":"post","link":"https:\/\/blogs.correiobraziliense.com.br\/vicente\/fracassa-o-primeiro-teste-do-governo-na-privatizacao\/","title":{"rendered":"Fracassa o primeiro teste do governo na privatiza\u00e7\u00e3o"},"content":{"rendered":"<p>O governo de Michel Temer colheu uma derrota logo no primeiro teste do programa de privatiza\u00e7\u00e3o. O Banco Nacional de Desenvolvimento Econ\u00f4mico e Social (BNDES) informou que suspendeu a venda do controle acion\u00e1rio da Celg, a companhia de eletricidade de Goi\u00e1s, por falta de interessados. O leil\u00e3o de venda estava marcada para sexta-feira, 19. O prazo para a entrega de propostas se encerrava nesta ter\u00e7a-feira.<\/p>\n<p>&nbsp;<\/p>\n<p>O BNDES foi enf\u00e1tico: &#8220;A disputa foi considerada deserta por falta de interessados\u201d. O governo pretendia arrecadar, no m\u00ednimo, R$ 2,8 bilh\u00f5es com a privatiza\u00e7\u00e3o da Celg, valor considerado elevado pelos investidores, devido \u00e0 p\u00e9ssima situa\u00e7\u00e3o financeira da concession\u00e1ria. O Minist\u00e9rio de Minas e Energia promete rever o pre\u00e7o m\u00ednimo.<\/p>\n<p>&nbsp;<\/p>\n<p>O processo de privatiza\u00e7\u00e3o e concess\u00f5es, que est\u00e1 sendo preparado pelo governo, prev\u00ea a entrada de R$ 55 bilh\u00f5es no caixa do Tesouro Nacional em 2017. Esse dinheiro \u00e9 considerado vital para que n\u00e3o haja estouro no deficit previsto nas contas p\u00fablicas, de R$ 139 bilh\u00f5es.<\/p>\n<p>&nbsp;<\/p>\n<p><em>Bras\u00edlia, 14h05min<\/em><\/p>\n","protected":false},"excerpt":{"rendered":"<p>O governo de Michel Temer colheu uma derrota logo no primeiro teste do programa de privatiza\u00e7\u00e3o. O Banco Nacional de Desenvolvimento Econ\u00f4mico e Social (BNDES) informou que suspendeu a venda do controle acion\u00e1rio da Celg, a companhia de eletricidade de Goi\u00e1s, por falta de interessados. O leil\u00e3o de venda estava marcada para sexta-feira, 19. O [&hellip;]<\/p>\n","protected":false},"author":22,"featured_media":0,"comment_status":"open","ping_status":"closed","sticky":false,"template":"","format":"standard","meta":{"footnotes":""},"categories":[600],"tags":[13,1005,68,540],"class_list":["post-2670","post","type-post","status-publish","format-standard","hentry","category-economia","tag-ajuste-fiscal","tag-celg","tag-fracasso","tag-privatizacao"],"_links":{"self":[{"href":"https:\/\/blogs.correiobraziliense.com.br\/vicente\/wp-json\/wp\/v2\/posts\/2670","targetHints":{"allow":["GET"]}}],"collection":[{"href":"https:\/\/blogs.correiobraziliense.com.br\/vicente\/wp-json\/wp\/v2\/posts"}],"about":[{"href":"https:\/\/blogs.correiobraziliense.com.br\/vicente\/wp-json\/wp\/v2\/types\/post"}],"author":[{"embeddable":true,"href":"https:\/\/blogs.correiobraziliense.com.br\/vicente\/wp-json\/wp\/v2\/users\/22"}],"replies":[{"embeddable":true,"href":"https:\/\/blogs.correiobraziliense.com.br\/vicente\/wp-json\/wp\/v2\/comments?post=2670"}],"version-history":[{"count":1,"href":"https:\/\/blogs.correiobraziliense.com.br\/vicente\/wp-json\/wp\/v2\/posts\/2670\/revisions"}],"predecessor-version":[{"id":2671,"href":"https:\/\/blogs.correiobraziliense.com.br\/vicente\/wp-json\/wp\/v2\/posts\/2670\/revisions\/2671"}],"wp:attachment":[{"href":"https:\/\/blogs.correiobraziliense.com.br\/vicente\/wp-json\/wp\/v2\/media?parent=2670"}],"wp:term":[{"taxonomy":"category","embeddable":true,"href":"https:\/\/blogs.correiobraziliense.com.br\/vicente\/wp-json\/wp\/v2\/categories?post=2670"},{"taxonomy":"post_tag","embeddable":true,"href":"https:\/\/blogs.correiobraziliense.com.br\/vicente\/wp-json\/wp\/v2\/tags?post=2670"}],"curies":[{"name":"wp","href":"https:\/\/api.w.org\/{rel}","templated":true}]}}