{"id":2662,"date":"2016-08-16T10:14:42","date_gmt":"2016-08-16T13:14:42","guid":{"rendered":"https:\/\/blogs.correiobraziliense.com.br\/vicente\/?p=2662"},"modified":"2016-08-16T11:23:00","modified_gmt":"2016-08-16T14:23:00","slug":"greve-na-br-pode-levar-ao-desabastecimento-de-combustiveis","status":"publish","type":"post","link":"https:\/\/blogs.correiobraziliense.com.br\/vicente\/greve-na-br-pode-levar-ao-desabastecimento-de-combustiveis\/","title":{"rendered":"Greve na BR pode levar ao desabastecimento de combust\u00edveis"},"content":{"rendered":"<p>SIMONE KAFRUNI<\/p>\n<p>&nbsp;<\/p>\n<p>Funcion\u00e1rios da BR Distribuidora, subsidi\u00e1ria da Petrobras, entraram em greve ontem por cinco dias contra a privatiza\u00e7\u00e3o da empresa. A paralisa\u00e7\u00e3o pode comprometer o abastecimento dos postos de combust\u00edveis de v\u00e1rios estados e do Distrito Federal, dependendo dos estoques dos estabelecimentos.<\/p>\n<p>&nbsp;<\/p>\n<p>De acordo com a presidente do Sindicato dos Trabalhadores no Com\u00e9rcio de Min\u00e9rios e Derivados de Petr\u00f3leo no Estado do Rio de Janeiro (Sitramico-RJ), L\u00edgia Deslandes, a BR Distribuidora tem 3,6 mil empregados em todo o pa\u00eds e cerca de 2,2 mil aderiram \u00e0 greve, que j\u00e1 atinge Rio de Janeiro, Pernambuco, Bahia, Sergipe, S\u00e3o Paulo, Minas Gerais e Rio Grande do Sul.<\/p>\n<p>&nbsp;<\/p>\n<p>L\u00edgia destaca que, a partir de amanh\u00e3, pode come\u00e7ar a faltar combust\u00edvel. \u201cN\u00f3s optamos por paralisar por tempo determinado para n\u00e3o provocar desabastecimento, mas deve haver um pequeno impacto\u201d, diz.<\/p>\n<p>&nbsp;<\/p>\n<p>O presidente do Sindicato do Com\u00e9rcio Varejista de Combust\u00edveis e de lubrificantes do Distrito Federal (Sindicombust\u00edveis-DF), Daniel Costa, confirma que parte dos postos de Bras\u00edlia \u00e9 abastecida pela BR, mas acrescenta que outras distribuidoras, como Shell, Ipiranga e Ale tamb\u00e9m fornecem combust\u00edvel. Em nota, a BR informa que adotou provid\u00eancias necess\u00e1rias para garantir o suprimento.<\/p>\n<p>&nbsp;<\/p>\n<p>L\u00edgia Deslandes justifica a greve dizendo que a companhia \u00e9 a \u00fanica que atende a todos os munic\u00edpios do pa\u00eds e integra o sistema de seguran\u00e7a nacional. \u201cPrivatiz\u00e1-la \u00e9 um perigo e pode levar \u00e0 fal\u00eancia as refinarias, j\u00e1 que as empresas privadas preferem importar combust\u00edveis\u201d, alega.<\/p>\n<p>&nbsp;<\/p>\n<p><em>Bras\u00edlia, 10h14min<\/em><\/p>\n","protected":false},"excerpt":{"rendered":"<p>SIMONE KAFRUNI &nbsp; Funcion\u00e1rios da BR Distribuidora, subsidi\u00e1ria da Petrobras, entraram em greve ontem por cinco dias contra a privatiza\u00e7\u00e3o da empresa. A paralisa\u00e7\u00e3o pode comprometer o abastecimento dos postos de combust\u00edveis de v\u00e1rios estados e do Distrito Federal, dependendo dos estoques dos estabelecimentos. &nbsp; De acordo com a presidente do Sindicato dos Trabalhadores no [&hellip;]<\/p>\n","protected":false},"author":22,"featured_media":0,"comment_status":"open","ping_status":"closed","sticky":false,"template":"","format":"standard","meta":{"footnotes":""},"categories":[600],"tags":[997,998,999,347,540],"class_list":["post-2662","post","type-post","status-publish","format-standard","hentry","category-economia","tag-br-distribuidora","tag-combustiveis","tag-desabastecimento","tag-greve","tag-privatizacao"],"_links":{"self":[{"href":"https:\/\/blogs.correiobraziliense.com.br\/vicente\/wp-json\/wp\/v2\/posts\/2662","targetHints":{"allow":["GET"]}}],"collection":[{"href":"https:\/\/blogs.correiobraziliense.com.br\/vicente\/wp-json\/wp\/v2\/posts"}],"about":[{"href":"https:\/\/blogs.correiobraziliense.com.br\/vicente\/wp-json\/wp\/v2\/types\/post"}],"author":[{"embeddable":true,"href":"https:\/\/blogs.correiobraziliense.com.br\/vicente\/wp-json\/wp\/v2\/users\/22"}],"replies":[{"embeddable":true,"href":"https:\/\/blogs.correiobraziliense.com.br\/vicente\/wp-json\/wp\/v2\/comments?post=2662"}],"version-history":[{"count":1,"href":"https:\/\/blogs.correiobraziliense.com.br\/vicente\/wp-json\/wp\/v2\/posts\/2662\/revisions"}],"predecessor-version":[{"id":2663,"href":"https:\/\/blogs.correiobraziliense.com.br\/vicente\/wp-json\/wp\/v2\/posts\/2662\/revisions\/2663"}],"wp:attachment":[{"href":"https:\/\/blogs.correiobraziliense.com.br\/vicente\/wp-json\/wp\/v2\/media?parent=2662"}],"wp:term":[{"taxonomy":"category","embeddable":true,"href":"https:\/\/blogs.correiobraziliense.com.br\/vicente\/wp-json\/wp\/v2\/categories?post=2662"},{"taxonomy":"post_tag","embeddable":true,"href":"https:\/\/blogs.correiobraziliense.com.br\/vicente\/wp-json\/wp\/v2\/tags?post=2662"}],"curies":[{"name":"wp","href":"https:\/\/api.w.org\/{rel}","templated":true}]}}