{"id":2655,"date":"2016-08-16T05:26:13","date_gmt":"2016-08-16T08:26:13","guid":{"rendered":"https:\/\/blogs.correiobraziliense.com.br\/vicente\/?p=2655"},"modified":"2016-08-16T08:31:48","modified_gmt":"2016-08-16T11:31:48","slug":"cade-faixa-presidencial","status":"publish","type":"post","link":"https:\/\/blogs.correiobraziliense.com.br\/vicente\/cade-faixa-presidencial\/","title":{"rendered":"Cad\u00ea a faixa presidencial?"},"content":{"rendered":"<p>POR ROSANA HESSEL<\/p>\n<p>&nbsp;<\/p>\n<p>A faixa presidencial se tornou segredo de Justi\u00e7a dentro do governo. Ningu\u00e9m se atreve a dizer onde ela est\u00e1.<\/p>\n<p>&nbsp;<\/p>\n<p>Apesar desse \u201csumi\u00e7o\u201d, o Planalto come\u00e7a a preparar como ser\u00e1 o cerimonial assim que Michel Temer for efetivado no cargo com o impeachment definitivo de Dilma Rousseff.<\/p>\n<p>&nbsp;<\/p>\n<p>O movimento no entorno de Temer tamb\u00e9m prev\u00ea a substitui\u00e7\u00e3o \u00a0das fotos de Dilma que ainda est\u00e3o espalhadas pelos gabinetes da Esplanada.<\/p>\n","protected":false},"excerpt":{"rendered":"<p>POR ROSANA HESSEL &nbsp; A faixa presidencial se tornou segredo de Justi\u00e7a dentro do governo. Ningu\u00e9m se atreve a dizer onde ela est\u00e1. &nbsp; Apesar desse \u201csumi\u00e7o\u201d, o Planalto come\u00e7a a preparar como ser\u00e1 o cerimonial assim que Michel Temer for efetivado no cargo com o impeachment definitivo de Dilma Rousseff. &nbsp; O movimento no [&hellip;]<\/p>\n","protected":false},"author":22,"featured_media":0,"comment_status":"open","ping_status":"closed","sticky":false,"template":"","format":"standard","meta":{"footnotes":""},"categories":[600],"tags":[995,11,994,62,111],"class_list":["post-2655","post","type-post","status-publish","format-standard","hentry","category-economia","tag-cerimonial","tag-dilma-rousseff","tag-faixa-presidencial","tag-impeachment","tag-michel-temer"],"_links":{"self":[{"href":"https:\/\/blogs.correiobraziliense.com.br\/vicente\/wp-json\/wp\/v2\/posts\/2655","targetHints":{"allow":["GET"]}}],"collection":[{"href":"https:\/\/blogs.correiobraziliense.com.br\/vicente\/wp-json\/wp\/v2\/posts"}],"about":[{"href":"https:\/\/blogs.correiobraziliense.com.br\/vicente\/wp-json\/wp\/v2\/types\/post"}],"author":[{"embeddable":true,"href":"https:\/\/blogs.correiobraziliense.com.br\/vicente\/wp-json\/wp\/v2\/users\/22"}],"replies":[{"embeddable":true,"href":"https:\/\/blogs.correiobraziliense.com.br\/vicente\/wp-json\/wp\/v2\/comments?post=2655"}],"version-history":[{"count":1,"href":"https:\/\/blogs.correiobraziliense.com.br\/vicente\/wp-json\/wp\/v2\/posts\/2655\/revisions"}],"predecessor-version":[{"id":2656,"href":"https:\/\/blogs.correiobraziliense.com.br\/vicente\/wp-json\/wp\/v2\/posts\/2655\/revisions\/2656"}],"wp:attachment":[{"href":"https:\/\/blogs.correiobraziliense.com.br\/vicente\/wp-json\/wp\/v2\/media?parent=2655"}],"wp:term":[{"taxonomy":"category","embeddable":true,"href":"https:\/\/blogs.correiobraziliense.com.br\/vicente\/wp-json\/wp\/v2\/categories?post=2655"},{"taxonomy":"post_tag","embeddable":true,"href":"https:\/\/blogs.correiobraziliense.com.br\/vicente\/wp-json\/wp\/v2\/tags?post=2655"}],"curies":[{"name":"wp","href":"https:\/\/api.w.org\/{rel}","templated":true}]}}